{"id":7023,"date":"2022-02-28T12:54:02","date_gmt":"2022-02-28T10:54:02","guid":{"rendered":"https:\/\/www.lengadoc.eu\/?p=7023"},"modified":"2022-02-28T12:55:31","modified_gmt":"2022-02-28T10:55:31","slug":"retour-images-carnaval-narbonne","status":"publish","type":"post","link":"https:\/\/www.lengadoc.eu\/oc\/2022\/02\/28\/retour-images-carnaval-narbonne\/","title":{"rendered":"Retour en images sur le Carnaval de Narbonne"},"content":{"rendered":"<div class=\"nc684nl6\">\n<div dir=\"auto\">\n<div dir=\"auto\">\n<div class=\"o9v6fnle cxmmr5t8 oygrvhab hcukyx3x c1et5uql ii04i59q\">\n<div class=\"nc684nl6\">\n<p><iframe loading=\"lazy\" title=\"Retour en images sur le Carnaval de Narbonne\" width=\"1170\" height=\"658\" src=\"https:\/\/www.youtube.com\/embed\/3JyYbaa8E4c?feature=oembed\" frameborder=\"0\" allow=\"accelerometer; autoplay; clipboard-write; encrypted-media; gyroscope; picture-in-picture\" allowfullscreen><\/iframe><\/p>\n<\/div>\n<div class=\"nc684nl6\">\n<p>&#8212;&#8211;<\/p>\n<div dir=\"auto\">Apr\u00e8s une ann\u00e9e 2021 blanche en raison de l\u2019\u00e9pid\u00e9mie de Covid-19, la 84e \u00e9dition du Carnaval de Narbonne, organis\u00e9 par Narbonne En F\u00eate a finalement eu lieu ce dimanche. Retour en images ! \ud83e\udd73\ud83e\udd73\ud83e\udd73<\/div>\n<\/div>\n<div class=\"nc684nl6\"><em>Un reportage de Nicolas Laffont et Gabriel Trigano pour Ma WebTV.<\/em><\/div>\n<\/div>\n<\/div>\n<\/div>\n<\/div>","protected":false},"excerpt":{"rendered":"<p>&#8212;&#8211; Apr\u00e8s une ann\u00e9e 2021 blanche en raison de l\u2019\u00e9pid\u00e9mie de Covid-19, la 84e \u00e9dition du Carnaval de Narbonne, organis\u00e9 par Narbonne En F\u00eate a finalement eu lieu ce dimanche. Retour en images ! \ud83e\udd73\ud83e\udd73\ud83e\udd73 Un reportage de Nicolas Laffont et Gabriel Trigano pour Ma WebTV.<\/p>","protected":false},"author":1,"featured_media":7026,"comment_status":"closed","ping_status":"closed","sticky":false,"template":"","format":"video","meta":{"_monsterinsights_skip_tracking":false,"_monsterinsights_sitenote_active":false,"_monsterinsights_sitenote_note":"","_monsterinsights_sitenote_category":0,"_uf_show_specific_survey":0,"_uf_disable_surveys":false,"footnotes":""},"categories":[1],"tags":[],"class_list":["post-7023","post","type-post","status-publish","format-video","has-post-thumbnail","hentry","category-uncategorized","post_format-post-format-video"],"yoast_head":"<!-- This site is optimized with the Yoast SEO plugin v24.8.1 - https:\/\/yoast.com\/wordpress\/plugins\/seo\/ -->\n<title>Retour en images sur le Carnaval de Narbonne - Radio Lengadoc<\/title>\n<meta name=\"description\" content=\"Apr\u00e8s une ann\u00e9e 2021 blanche en raison de l\u2019\u00e9pid\u00e9mie de Covid-19, la 84e \u00e9dition du Carnaval de Narbonne, organis\u00e9 par Narbonne En F\u00eate a finalement eu lieu ce dimanche. Retour en images !\" \/>\n<meta name=\"robots\" content=\"index, follow, max-snippet:-1, max-image-preview:large, max-video-preview:-1\" \/>\n<link rel=\"canonical\" href=\"https:\/\/www.lengadoc.eu\/oc\/2022\/02\/28\/retour-images-carnaval-narbonne\/\" \/>\n<meta property=\"og:locale\" content=\"en_US\" \/>\n<meta property=\"og:type\" content=\"article\" \/>\n<meta property=\"og:title\" content=\"Retour en images sur le Carnaval de Narbonne - Radio Lengadoc\" \/>\n<meta property=\"og:description\" content=\"Apr\u00e8s une ann\u00e9e 2021 blanche en raison de l\u2019\u00e9pid\u00e9mie de Covid-19, la 84e \u00e9dition du Carnaval de Narbonne, organis\u00e9 par Narbonne En F\u00eate a finalement eu lieu ce dimanche. Retour en images !\" \/>\n<meta property=\"og:url\" content=\"https:\/\/www.lengadoc.eu\/oc\/2022\/02\/28\/retour-images-carnaval-narbonne\/\" \/>\n<meta property=\"og:site_name\" content=\"Radio Lengadoc\" \/>\n<meta property=\"article:publisher\" content=\"https:\/\/www.facebook.com\/radiolengadoc\" \/>\n<meta property=\"article:published_time\" content=\"2022-02-28T10:54:02+00:00\" \/>\n<meta property=\"article:modified_time\" content=\"2022-02-28T10:55:31+00:00\" \/>\n<meta property=\"og:image\" content=\"https:\/\/www.lengadoc.eu\/wp-content\/uploads\/2022\/02\/IMG_7336.jpg\" \/>\n\t<meta property=\"og:image:width\" content=\"1920\" \/>\n\t<meta property=\"og:image:height\" content=\"1080\" \/>\n\t<meta property=\"og:image:type\" content=\"image\/jpeg\" \/>\n<meta name=\"author\" content=\"R\u00e0dio Lengad\u00f2c\" \/>\n<meta name=\"twitter:card\" content=\"summary_large_image\" \/>\n<meta name=\"twitter:label1\" content=\"Written by\" \/>\n\t<meta name=\"twitter:data1\" content=\"R\u00e0dio Lengad\u00f2c\" \/>\n\t<meta name=\"twitter:label2\" content=\"Est. reading time\" \/>\n\t<meta name=\"twitter:data2\" content=\"1 minute\" \/>\n<script type=\"application\/ld+json\" class=\"yoast-schema-graph\">{\"@context\":\"https:\/\/schema.org\",\"@graph\":[{\"@type\":\"Article\",\"@id\":\"https:\/\/www.lengadoc.eu\/2022\/02\/28\/retour-images-carnaval-narbonne\/#article\",\"isPartOf\":{\"@id\":\"https:\/\/www.lengadoc.eu\/2022\/02\/28\/retour-images-carnaval-narbonne\/\"},\"author\":{\"name\":\"R\u00e0dio Lengad\u00f2c\",\"@id\":\"https:\/\/www.lengadoc.eu\/#\/schema\/person\/ada8850603ae5533e65203193d829087\"},\"headline\":\"Retour en images sur le Carnaval de Narbonne\",\"datePublished\":\"2022-02-28T10:54:02+00:00\",\"dateModified\":\"2022-02-28T10:55:31+00:00\",\"mainEntityOfPage\":{\"@id\":\"https:\/\/www.lengadoc.eu\/2022\/02\/28\/retour-images-carnaval-narbonne\/\"},\"wordCount\":64,\"publisher\":{\"@id\":\"https:\/\/www.lengadoc.eu\/#organization\"},\"image\":{\"@id\":\"https:\/\/www.lengadoc.eu\/2022\/02\/28\/retour-images-carnaval-narbonne\/#primaryimage\"},\"thumbnailUrl\":\"https:\/\/www.lengadoc.eu\/wp-content\/uploads\/2022\/02\/IMG_7336.jpg\",\"articleSection\":[\"Uncategorized\"],\"inLanguage\":\"oc\"},{\"@type\":\"WebPage\",\"@id\":\"https:\/\/www.lengadoc.eu\/2022\/02\/28\/retour-images-carnaval-narbonne\/\",\"url\":\"https:\/\/www.lengadoc.eu\/2022\/02\/28\/retour-images-carnaval-narbonne\/\",\"name\":\"Retour en images sur le Carnaval de Narbonne - Radio Lengadoc\",\"isPartOf\":{\"@id\":\"https:\/\/www.lengadoc.eu\/#website\"},\"primaryImageOfPage\":{\"@id\":\"https:\/\/www.lengadoc.eu\/2022\/02\/28\/retour-images-carnaval-narbonne\/#primaryimage\"},\"image\":{\"@id\":\"https:\/\/www.lengadoc.eu\/2022\/02\/28\/retour-images-carnaval-narbonne\/#primaryimage\"},\"thumbnailUrl\":\"https:\/\/www.lengadoc.eu\/wp-content\/uploads\/2022\/02\/IMG_7336.jpg\",\"datePublished\":\"2022-02-28T10:54:02+00:00\",\"dateModified\":\"2022-02-28T10:55:31+00:00\",\"description\":\"Apr\u00e8s une ann\u00e9e 2021 blanche en raison de l\u2019\u00e9pid\u00e9mie de Covid-19, la 84e \u00e9dition du Carnaval de Narbonne, organis\u00e9 par Narbonne En F\u00eate a finalement eu lieu ce dimanche. Retour en images !\",\"breadcrumb\":{\"@id\":\"https:\/\/www.lengadoc.eu\/2022\/02\/28\/retour-images-carnaval-narbonne\/#breadcrumb\"},\"inLanguage\":\"oc\",\"potentialAction\":[{\"@type\":\"ReadAction\",\"target\":[\"https:\/\/www.lengadoc.eu\/2022\/02\/28\/retour-images-carnaval-narbonne\/\"]}]},{\"@type\":\"ImageObject\",\"inLanguage\":\"oc\",\"@id\":\"https:\/\/www.lengadoc.eu\/2022\/02\/28\/retour-images-carnaval-narbonne\/#primaryimage\",\"url\":\"https:\/\/www.lengadoc.eu\/wp-content\/uploads\/2022\/02\/IMG_7336.jpg\",\"contentUrl\":\"https:\/\/www.lengadoc.eu\/wp-content\/uploads\/2022\/02\/IMG_7336.jpg\",\"width\":1920,\"height\":1080},{\"@type\":\"BreadcrumbList\",\"@id\":\"https:\/\/www.lengadoc.eu\/2022\/02\/28\/retour-images-carnaval-narbonne\/#breadcrumb\",\"itemListElement\":[{\"@type\":\"ListItem\",\"position\":1,\"name\":\"Home\",\"item\":\"https:\/\/www.lengadoc.eu\/\"},{\"@type\":\"ListItem\",\"position\":2,\"name\":\"Retour en images sur le Carnaval de Narbonne\"}]},{\"@type\":\"WebSite\",\"@id\":\"https:\/\/www.lengadoc.eu\/#website\",\"url\":\"https:\/\/www.lengadoc.eu\/\",\"name\":\"Radio Lengadoc\",\"description\":\"La Radio d&#039;Aqu\u00ec\",\"publisher\":{\"@id\":\"https:\/\/www.lengadoc.eu\/#organization\"},\"potentialAction\":[{\"@type\":\"SearchAction\",\"target\":{\"@type\":\"EntryPoint\",\"urlTemplate\":\"https:\/\/www.lengadoc.eu\/?s={search_term_string}\"},\"query-input\":{\"@type\":\"PropertyValueSpecification\",\"valueRequired\":true,\"valueName\":\"search_term_string\"}}],\"inLanguage\":\"oc\"},{\"@type\":\"Organization\",\"@id\":\"https:\/\/www.lengadoc.eu\/#organization\",\"name\":\"R\u00e0dio Lengad\u00f2c\",\"url\":\"https:\/\/www.lengadoc.eu\/\",\"logo\":{\"@type\":\"ImageObject\",\"inLanguage\":\"oc\",\"@id\":\"https:\/\/www.lengadoc.eu\/#\/schema\/logo\/image\/\",\"url\":\"https:\/\/www.lengadoc.eu\/wp-content\/uploads\/2021\/01\/logo-RLO.jpg\",\"contentUrl\":\"https:\/\/www.lengadoc.eu\/wp-content\/uploads\/2021\/01\/logo-RLO.jpg\",\"width\":1958,\"height\":509,\"caption\":\"R\u00e0dio Lengad\u00f2c\"},\"image\":{\"@id\":\"https:\/\/www.lengadoc.eu\/#\/schema\/logo\/image\/\"},\"sameAs\":[\"https:\/\/www.facebook.com\/radiolengadoc\",\"https:\/\/www.instagram.com\/radiolengadoc\"]},{\"@type\":\"Person\",\"@id\":\"https:\/\/www.lengadoc.eu\/#\/schema\/person\/ada8850603ae5533e65203193d829087\",\"name\":\"R\u00e0dio Lengad\u00f2c\",\"sameAs\":[\"http:\/\/www.lengadoc.eu\"]}]}<\/script>\n<!-- \/ Yoast SEO plugin. -->","yoast_head_json":{"title":"Retour en images sur le Carnaval de Narbonne - Radio Lengadoc","description":"Apr\u00e8s une ann\u00e9e 2021 blanche en raison de l\u2019\u00e9pid\u00e9mie de Covid-19, la 84e \u00e9dition du Carnaval de Narbonne, organis\u00e9 par Narbonne En F\u00eate a finalement eu lieu ce dimanche. Retour en images !","robots":{"index":"index","follow":"follow","max-snippet":"max-snippet:-1","max-image-preview":"max-image-preview:large","max-video-preview":"max-video-preview:-1"},"canonical":"https:\/\/www.lengadoc.eu\/oc\/2022\/02\/28\/retour-images-carnaval-narbonne\/","og_locale":"en_US","og_type":"article","og_title":"Retour en images sur le Carnaval de Narbonne - Radio Lengadoc","og_description":"Apr\u00e8s une ann\u00e9e 2021 blanche en raison de l\u2019\u00e9pid\u00e9mie de Covid-19, la 84e \u00e9dition du Carnaval de Narbonne, organis\u00e9 par Narbonne En F\u00eate a finalement eu lieu ce dimanche. Retour en images !","og_url":"https:\/\/www.lengadoc.eu\/oc\/2022\/02\/28\/retour-images-carnaval-narbonne\/","og_site_name":"Radio Lengadoc","article_publisher":"https:\/\/www.facebook.com\/radiolengadoc","article_published_time":"2022-02-28T10:54:02+00:00","article_modified_time":"2022-02-28T10:55:31+00:00","og_image":[{"width":1920,"height":1080,"url":"https:\/\/www.lengadoc.eu\/wp-content\/uploads\/2022\/02\/IMG_7336.jpg","type":"image\/jpeg"}],"author":"R\u00e0dio Lengad\u00f2c","twitter_card":"summary_large_image","twitter_misc":{"Written by":"R\u00e0dio Lengad\u00f2c","Est. reading time":"1 minute"},"schema":{"@context":"https:\/\/schema.org","@graph":[{"@type":"Article","@id":"https:\/\/www.lengadoc.eu\/2022\/02\/28\/retour-images-carnaval-narbonne\/#article","isPartOf":{"@id":"https:\/\/www.lengadoc.eu\/2022\/02\/28\/retour-images-carnaval-narbonne\/"},"author":{"name":"R\u00e0dio Lengad\u00f2c","@id":"https:\/\/www.lengadoc.eu\/#\/schema\/person\/ada8850603ae5533e65203193d829087"},"headline":"Retour en images sur le Carnaval de Narbonne","datePublished":"2022-02-28T10:54:02+00:00","dateModified":"2022-02-28T10:55:31+00:00","mainEntityOfPage":{"@id":"https:\/\/www.lengadoc.eu\/2022\/02\/28\/retour-images-carnaval-narbonne\/"},"wordCount":64,"publisher":{"@id":"https:\/\/www.lengadoc.eu\/#organization"},"image":{"@id":"https:\/\/www.lengadoc.eu\/2022\/02\/28\/retour-images-carnaval-narbonne\/#primaryimage"},"thumbnailUrl":"https:\/\/www.lengadoc.eu\/wp-content\/uploads\/2022\/02\/IMG_7336.jpg","articleSection":["Uncategorized"],"inLanguage":"oc"},{"@type":"WebPage","@id":"https:\/\/www.lengadoc.eu\/2022\/02\/28\/retour-images-carnaval-narbonne\/","url":"https:\/\/www.lengadoc.eu\/2022\/02\/28\/retour-images-carnaval-narbonne\/","name":"Retour en images sur le Carnaval de Narbonne - Radio Lengadoc","isPartOf":{"@id":"https:\/\/www.lengadoc.eu\/#website"},"primaryImageOfPage":{"@id":"https:\/\/www.lengadoc.eu\/2022\/02\/28\/retour-images-carnaval-narbonne\/#primaryimage"},"image":{"@id":"https:\/\/www.lengadoc.eu\/2022\/02\/28\/retour-images-carnaval-narbonne\/#primaryimage"},"thumbnailUrl":"https:\/\/www.lengadoc.eu\/wp-content\/uploads\/2022\/02\/IMG_7336.jpg","datePublished":"2022-02-28T10:54:02+00:00","dateModified":"2022-02-28T10:55:31+00:00","description":"Apr\u00e8s une ann\u00e9e 2021 blanche en raison de l\u2019\u00e9pid\u00e9mie de Covid-19, la 84e \u00e9dition du Carnaval de Narbonne, organis\u00e9 par Narbonne En F\u00eate a finalement eu lieu ce dimanche. Retour en images !","breadcrumb":{"@id":"https:\/\/www.lengadoc.eu\/2022\/02\/28\/retour-images-carnaval-narbonne\/#breadcrumb"},"inLanguage":"oc","potentialAction":[{"@type":"ReadAction","target":["https:\/\/www.lengadoc.eu\/2022\/02\/28\/retour-images-carnaval-narbonne\/"]}]},{"@type":"ImageObject","inLanguage":"oc","@id":"https:\/\/www.lengadoc.eu\/2022\/02\/28\/retour-images-carnaval-narbonne\/#primaryimage","url":"https:\/\/www.lengadoc.eu\/wp-content\/uploads\/2022\/02\/IMG_7336.jpg","contentUrl":"https:\/\/www.lengadoc.eu\/wp-content\/uploads\/2022\/02\/IMG_7336.jpg","width":1920,"height":1080},{"@type":"BreadcrumbList","@id":"https:\/\/www.lengadoc.eu\/2022\/02\/28\/retour-images-carnaval-narbonne\/#breadcrumb","itemListElement":[{"@type":"ListItem","position":1,"name":"Home","item":"https:\/\/www.lengadoc.eu\/"},{"@type":"ListItem","position":2,"name":"Retour en images sur le Carnaval de Narbonne"}]},{"@type":"WebSite","@id":"https:\/\/www.lengadoc.eu\/#website","url":"https:\/\/www.lengadoc.eu\/","name":"Radio Lengadoc","description":"La Radio d&#039;Aqu\u00ec","publisher":{"@id":"https:\/\/www.lengadoc.eu\/#organization"},"potentialAction":[{"@type":"SearchAction","target":{"@type":"EntryPoint","urlTemplate":"https:\/\/www.lengadoc.eu\/?s={search_term_string}"},"query-input":{"@type":"PropertyValueSpecification","valueRequired":true,"valueName":"search_term_string"}}],"inLanguage":"oc"},{"@type":"Organization","@id":"https:\/\/www.lengadoc.eu\/#organization","name":"R\u00e0dio Lengad\u00f2c","url":"https:\/\/www.lengadoc.eu\/","logo":{"@type":"ImageObject","inLanguage":"oc","@id":"https:\/\/www.lengadoc.eu\/#\/schema\/logo\/image\/","url":"https:\/\/www.lengadoc.eu\/wp-content\/uploads\/2021\/01\/logo-RLO.jpg","contentUrl":"https:\/\/www.lengadoc.eu\/wp-content\/uploads\/2021\/01\/logo-RLO.jpg","width":1958,"height":509,"caption":"R\u00e0dio Lengad\u00f2c"},"image":{"@id":"https:\/\/www.lengadoc.eu\/#\/schema\/logo\/image\/"},"sameAs":["https:\/\/www.facebook.com\/radiolengadoc","https:\/\/www.instagram.com\/radiolengadoc"]},{"@type":"Person","@id":"https:\/\/www.lengadoc.eu\/#\/schema\/person\/ada8850603ae5533e65203193d829087","name":"R\u00e0dio Lengad\u00f2c","sameAs":["http:\/\/www.lengadoc.eu"]}]}},"_links":{"self":[{"href":"https:\/\/www.lengadoc.eu\/oc\/wp-json\/wp\/v2\/posts\/7023","targetHints":{"allow":["GET"]}}],"collection":[{"href":"https:\/\/www.lengadoc.eu\/oc\/wp-json\/wp\/v2\/posts"}],"about":[{"href":"https:\/\/www.lengadoc.eu\/oc\/wp-json\/wp\/v2\/types\/post"}],"author":[{"embeddable":true,"href":"https:\/\/www.lengadoc.eu\/oc\/wp-json\/wp\/v2\/users\/1"}],"replies":[{"embeddable":true,"href":"https:\/\/www.lengadoc.eu\/oc\/wp-json\/wp\/v2\/comments?post=7023"}],"version-history":[{"count":0,"href":"https:\/\/www.lengadoc.eu\/oc\/wp-json\/wp\/v2\/posts\/7023\/revisions"}],"wp:featuredmedia":[{"embeddable":true,"href":"https:\/\/www.lengadoc.eu\/oc\/wp-json\/wp\/v2\/media\/7026"}],"wp:attachment":[{"href":"https:\/\/www.lengadoc.eu\/oc\/wp-json\/wp\/v2\/media?parent=7023"}],"wp:term":[{"taxonomy":"category","embeddable":true,"href":"https:\/\/www.lengadoc.eu\/oc\/wp-json\/wp\/v2\/categories?post=7023"},{"taxonomy":"post_tag","embeddable":true,"href":"https:\/\/www.lengadoc.eu\/oc\/wp-json\/wp\/v2\/tags?post=7023"}],"curies":[{"name":"wp","href":"https:\/\/api.w.org\/{rel}","templated":true}]}}