{"id":6843,"date":"2022-01-25T22:14:58","date_gmt":"2022-01-25T20:14:58","guid":{"rendered":"https:\/\/www.lengadoc.eu\/?p=6843"},"modified":"2022-01-30T22:19:54","modified_gmt":"2022-01-30T20:19:54","slug":"jean-castex-narbonne-gruissan-aude-2","status":"publish","type":"post","link":"https:\/\/www.lengadoc.eu\/oc\/2022\/01\/25\/jean-castex-narbonne-gruissan-aude-2\/","title":{"rendered":"La Lengad\u00f2c d&rsquo;hiver est arriv\u00e9e!"},"content":{"rendered":"<div class=\"nc684nl6\">\n<div dir=\"auto\">\n<div dir=\"auto\">\n<div class=\"o9v6fnle cxmmr5t8 oygrvhab hcukyx3x c1et5uql ii04i59q\">\n<div class=\"nc684nl6\">\n<p><iframe loading=\"lazy\" title=\"La Lengad\u00f2c d&#039;hiver est arriv\u00e9e !\" width=\"1170\" height=\"658\" src=\"https:\/\/www.youtube.com\/embed\/Ow-dRslweKQ?feature=oembed\" frameborder=\"0\" allow=\"accelerometer; autoplay; clipboard-write; encrypted-media; gyroscope; picture-in-picture\" allowfullscreen><\/iframe><\/p>\n<\/div>\n<div class=\"nc684nl6\">\n<p>&#8212;&#8211;<\/p>\n<div dir=\"auto\">Ca y est ! Apr\u00e8s de vives discussions et surtout une belle d\u00e9gustation, nous avons choisis la pizza vainqueure qui finira sur la carte de Pizza Pizza Narbonne ! Au programme de cette pizza: Cr\u00e8me fraiche, fontina, poms dipper, coppa et mozzarella fior di latte.<\/div>\n<\/div>\n<div class=\"nc684nl6\"><em>Un reportage de Naouel Bounoua, Enzo Castel et Nicolas Laffont pour Ma WebTV.<\/em><\/div>\n<\/div>\n<\/div>\n<\/div>\n<\/div>","protected":false},"excerpt":{"rendered":"<p>&#8212;&#8211; Ca y est ! Apr\u00e8s de vives discussions et surtout une belle d\u00e9gustation, nous avons choisis la pizza vainqueure qui finira sur la carte de Pizza Pizza Narbonne ! Au programme de cette pizza: Cr\u00e8me fraiche, fontina, poms dipper, coppa et mozzarella fior di latte. Un reportage de Naouel Bounoua, Enzo Castel et Nicolas [&hellip;]<\/p>","protected":false},"author":1,"featured_media":6844,"comment_status":"closed","ping_status":"closed","sticky":false,"template":"","format":"video","meta":{"_monsterinsights_skip_tracking":false,"_monsterinsights_sitenote_active":false,"_monsterinsights_sitenote_note":"","_monsterinsights_sitenote_category":0,"_uf_show_specific_survey":0,"_uf_disable_surveys":false,"footnotes":""},"categories":[10],"tags":[],"class_list":["post-6843","post","type-post","status-publish","format-video","has-post-thumbnail","hentry","category-videos","post_format-post-format-video"],"yoast_head":"<!-- This site is optimized with the Yoast SEO plugin v24.8.1 - https:\/\/yoast.com\/wordpress\/plugins\/seo\/ -->\n<title>La Lengad\u00f2c d&#039;hiver est arriv\u00e9e! - Radio Lengadoc<\/title>\n<meta name=\"description\" content=\"Carrefour strat\u00e9gique de la future ligne LGV, Narbonne a accueillie la signature officielle du premier protocole d&#039;intention de cofinancement de cet \u00e9quipement majeur. Puis, c&#039;est \u00e0 Gruissan qu&#039;a eu lieu une autre signature importante: celle de l&#039;engagement financier pour la p\u00e9riode 2021-2027 du plan Littoral 21.\" \/>\n<meta name=\"robots\" content=\"index, follow, max-snippet:-1, max-image-preview:large, max-video-preview:-1\" \/>\n<link rel=\"canonical\" href=\"https:\/\/www.lengadoc.eu\/oc\/2022\/01\/25\/jean-castex-narbonne-gruissan-aude-2\/\" \/>\n<meta property=\"og:locale\" content=\"en_US\" \/>\n<meta property=\"og:type\" content=\"article\" \/>\n<meta property=\"og:title\" content=\"La Lengad\u00f2c d&#039;hiver est arriv\u00e9e! - Radio Lengadoc\" \/>\n<meta property=\"og:description\" content=\"Carrefour strat\u00e9gique de la future ligne LGV, Narbonne a accueillie la signature officielle du premier protocole d&#039;intention de cofinancement de cet \u00e9quipement majeur. Puis, c&#039;est \u00e0 Gruissan qu&#039;a eu lieu une autre signature importante: celle de l&#039;engagement financier pour la p\u00e9riode 2021-2027 du plan Littoral 21.\" \/>\n<meta property=\"og:url\" content=\"https:\/\/www.lengadoc.eu\/oc\/2022\/01\/25\/jean-castex-narbonne-gruissan-aude-2\/\" \/>\n<meta property=\"og:site_name\" content=\"Radio Lengadoc\" \/>\n<meta property=\"article:publisher\" content=\"https:\/\/www.facebook.com\/radiolengadoc\" \/>\n<meta property=\"article:published_time\" content=\"2022-01-25T20:14:58+00:00\" \/>\n<meta property=\"article:modified_time\" content=\"2022-01-30T20:19:54+00:00\" \/>\n<meta property=\"og:image\" content=\"https:\/\/www.lengadoc.eu\/wp-content\/uploads\/2022\/01\/220124-pizzapizza.jpg\" \/>\n\t<meta property=\"og:image:width\" content=\"1920\" \/>\n\t<meta property=\"og:image:height\" content=\"1080\" \/>\n\t<meta property=\"og:image:type\" content=\"image\/jpeg\" \/>\n<meta name=\"author\" content=\"R\u00e0dio Lengad\u00f2c\" \/>\n<meta name=\"twitter:card\" content=\"summary_large_image\" \/>\n<meta name=\"twitter:label1\" content=\"Written by\" \/>\n\t<meta name=\"twitter:data1\" content=\"R\u00e0dio Lengad\u00f2c\" \/>\n\t<meta name=\"twitter:label2\" content=\"Est. reading time\" \/>\n\t<meta name=\"twitter:data2\" content=\"1 minute\" \/>\n<script type=\"application\/ld+json\" class=\"yoast-schema-graph\">{\"@context\":\"https:\/\/schema.org\",\"@graph\":[{\"@type\":\"Article\",\"@id\":\"https:\/\/www.lengadoc.eu\/2022\/01\/25\/jean-castex-narbonne-gruissan-aude-2\/#article\",\"isPartOf\":{\"@id\":\"https:\/\/www.lengadoc.eu\/2022\/01\/25\/jean-castex-narbonne-gruissan-aude-2\/\"},\"author\":{\"name\":\"R\u00e0dio Lengad\u00f2c\",\"@id\":\"https:\/\/www.lengadoc.eu\/#\/schema\/person\/ada8850603ae5533e65203193d829087\"},\"headline\":\"La Lengad\u00f2c d&rsquo;hiver est arriv\u00e9e!\",\"datePublished\":\"2022-01-25T20:14:58+00:00\",\"dateModified\":\"2022-01-30T20:19:54+00:00\",\"mainEntityOfPage\":{\"@id\":\"https:\/\/www.lengadoc.eu\/2022\/01\/25\/jean-castex-narbonne-gruissan-aude-2\/\"},\"wordCount\":73,\"publisher\":{\"@id\":\"https:\/\/www.lengadoc.eu\/#organization\"},\"image\":{\"@id\":\"https:\/\/www.lengadoc.eu\/2022\/01\/25\/jean-castex-narbonne-gruissan-aude-2\/#primaryimage\"},\"thumbnailUrl\":\"https:\/\/www.lengadoc.eu\/wp-content\/uploads\/2022\/01\/220124-pizzapizza.jpg\",\"articleSection\":[\"Actualitat\"],\"inLanguage\":\"oc\"},{\"@type\":\"WebPage\",\"@id\":\"https:\/\/www.lengadoc.eu\/2022\/01\/25\/jean-castex-narbonne-gruissan-aude-2\/\",\"url\":\"https:\/\/www.lengadoc.eu\/2022\/01\/25\/jean-castex-narbonne-gruissan-aude-2\/\",\"name\":\"La Lengad\u00f2c d'hiver est arriv\u00e9e! - Radio Lengadoc\",\"isPartOf\":{\"@id\":\"https:\/\/www.lengadoc.eu\/#website\"},\"primaryImageOfPage\":{\"@id\":\"https:\/\/www.lengadoc.eu\/2022\/01\/25\/jean-castex-narbonne-gruissan-aude-2\/#primaryimage\"},\"image\":{\"@id\":\"https:\/\/www.lengadoc.eu\/2022\/01\/25\/jean-castex-narbonne-gruissan-aude-2\/#primaryimage\"},\"thumbnailUrl\":\"https:\/\/www.lengadoc.eu\/wp-content\/uploads\/2022\/01\/220124-pizzapizza.jpg\",\"datePublished\":\"2022-01-25T20:14:58+00:00\",\"dateModified\":\"2022-01-30T20:19:54+00:00\",\"description\":\"Carrefour strat\u00e9gique de la future ligne LGV, Narbonne a accueillie la signature officielle du premier protocole d'intention de cofinancement de cet \u00e9quipement majeur. Puis, c'est \u00e0 Gruissan qu'a eu lieu une autre signature importante: celle de l'engagement financier pour la p\u00e9riode 2021-2027 du plan Littoral 21.\",\"breadcrumb\":{\"@id\":\"https:\/\/www.lengadoc.eu\/2022\/01\/25\/jean-castex-narbonne-gruissan-aude-2\/#breadcrumb\"},\"inLanguage\":\"oc\",\"potentialAction\":[{\"@type\":\"ReadAction\",\"target\":[\"https:\/\/www.lengadoc.eu\/2022\/01\/25\/jean-castex-narbonne-gruissan-aude-2\/\"]}]},{\"@type\":\"ImageObject\",\"inLanguage\":\"oc\",\"@id\":\"https:\/\/www.lengadoc.eu\/2022\/01\/25\/jean-castex-narbonne-gruissan-aude-2\/#primaryimage\",\"url\":\"https:\/\/www.lengadoc.eu\/wp-content\/uploads\/2022\/01\/220124-pizzapizza.jpg\",\"contentUrl\":\"https:\/\/www.lengadoc.eu\/wp-content\/uploads\/2022\/01\/220124-pizzapizza.jpg\",\"width\":1920,\"height\":1080},{\"@type\":\"BreadcrumbList\",\"@id\":\"https:\/\/www.lengadoc.eu\/2022\/01\/25\/jean-castex-narbonne-gruissan-aude-2\/#breadcrumb\",\"itemListElement\":[{\"@type\":\"ListItem\",\"position\":1,\"name\":\"Home\",\"item\":\"https:\/\/www.lengadoc.eu\/\"},{\"@type\":\"ListItem\",\"position\":2,\"name\":\"La Lengad\u00f2c d&rsquo;hiver est arriv\u00e9e!\"}]},{\"@type\":\"WebSite\",\"@id\":\"https:\/\/www.lengadoc.eu\/#website\",\"url\":\"https:\/\/www.lengadoc.eu\/\",\"name\":\"Radio Lengadoc\",\"description\":\"La Radio d&#039;Aqu\u00ec\",\"publisher\":{\"@id\":\"https:\/\/www.lengadoc.eu\/#organization\"},\"potentialAction\":[{\"@type\":\"SearchAction\",\"target\":{\"@type\":\"EntryPoint\",\"urlTemplate\":\"https:\/\/www.lengadoc.eu\/?s={search_term_string}\"},\"query-input\":{\"@type\":\"PropertyValueSpecification\",\"valueRequired\":true,\"valueName\":\"search_term_string\"}}],\"inLanguage\":\"oc\"},{\"@type\":\"Organization\",\"@id\":\"https:\/\/www.lengadoc.eu\/#organization\",\"name\":\"R\u00e0dio Lengad\u00f2c\",\"url\":\"https:\/\/www.lengadoc.eu\/\",\"logo\":{\"@type\":\"ImageObject\",\"inLanguage\":\"oc\",\"@id\":\"https:\/\/www.lengadoc.eu\/#\/schema\/logo\/image\/\",\"url\":\"https:\/\/www.lengadoc.eu\/wp-content\/uploads\/2021\/01\/logo-RLO.jpg\",\"contentUrl\":\"https:\/\/www.lengadoc.eu\/wp-content\/uploads\/2021\/01\/logo-RLO.jpg\",\"width\":1958,\"height\":509,\"caption\":\"R\u00e0dio Lengad\u00f2c\"},\"image\":{\"@id\":\"https:\/\/www.lengadoc.eu\/#\/schema\/logo\/image\/\"},\"sameAs\":[\"https:\/\/www.facebook.com\/radiolengadoc\",\"https:\/\/www.instagram.com\/radiolengadoc\"]},{\"@type\":\"Person\",\"@id\":\"https:\/\/www.lengadoc.eu\/#\/schema\/person\/ada8850603ae5533e65203193d829087\",\"name\":\"R\u00e0dio Lengad\u00f2c\",\"sameAs\":[\"http:\/\/www.lengadoc.eu\"]}]}<\/script>\n<!-- \/ Yoast SEO plugin. -->","yoast_head_json":{"title":"La Lengad\u00f2c d'hiver est arriv\u00e9e! - Radio Lengadoc","description":"Carrefour strat\u00e9gique de la future ligne LGV, Narbonne a accueillie la signature officielle du premier protocole d'intention de cofinancement de cet \u00e9quipement majeur. Puis, c'est \u00e0 Gruissan qu'a eu lieu une autre signature importante: celle de l'engagement financier pour la p\u00e9riode 2021-2027 du plan Littoral 21.","robots":{"index":"index","follow":"follow","max-snippet":"max-snippet:-1","max-image-preview":"max-image-preview:large","max-video-preview":"max-video-preview:-1"},"canonical":"https:\/\/www.lengadoc.eu\/oc\/2022\/01\/25\/jean-castex-narbonne-gruissan-aude-2\/","og_locale":"en_US","og_type":"article","og_title":"La Lengad\u00f2c d'hiver est arriv\u00e9e! - Radio Lengadoc","og_description":"Carrefour strat\u00e9gique de la future ligne LGV, Narbonne a accueillie la signature officielle du premier protocole d'intention de cofinancement de cet \u00e9quipement majeur. Puis, c'est \u00e0 Gruissan qu'a eu lieu une autre signature importante: celle de l'engagement financier pour la p\u00e9riode 2021-2027 du plan Littoral 21.","og_url":"https:\/\/www.lengadoc.eu\/oc\/2022\/01\/25\/jean-castex-narbonne-gruissan-aude-2\/","og_site_name":"Radio Lengadoc","article_publisher":"https:\/\/www.facebook.com\/radiolengadoc","article_published_time":"2022-01-25T20:14:58+00:00","article_modified_time":"2022-01-30T20:19:54+00:00","og_image":[{"width":1920,"height":1080,"url":"https:\/\/www.lengadoc.eu\/wp-content\/uploads\/2022\/01\/220124-pizzapizza.jpg","type":"image\/jpeg"}],"author":"R\u00e0dio Lengad\u00f2c","twitter_card":"summary_large_image","twitter_misc":{"Written by":"R\u00e0dio Lengad\u00f2c","Est. reading time":"1 minute"},"schema":{"@context":"https:\/\/schema.org","@graph":[{"@type":"Article","@id":"https:\/\/www.lengadoc.eu\/2022\/01\/25\/jean-castex-narbonne-gruissan-aude-2\/#article","isPartOf":{"@id":"https:\/\/www.lengadoc.eu\/2022\/01\/25\/jean-castex-narbonne-gruissan-aude-2\/"},"author":{"name":"R\u00e0dio Lengad\u00f2c","@id":"https:\/\/www.lengadoc.eu\/#\/schema\/person\/ada8850603ae5533e65203193d829087"},"headline":"La Lengad\u00f2c d&rsquo;hiver est arriv\u00e9e!","datePublished":"2022-01-25T20:14:58+00:00","dateModified":"2022-01-30T20:19:54+00:00","mainEntityOfPage":{"@id":"https:\/\/www.lengadoc.eu\/2022\/01\/25\/jean-castex-narbonne-gruissan-aude-2\/"},"wordCount":73,"publisher":{"@id":"https:\/\/www.lengadoc.eu\/#organization"},"image":{"@id":"https:\/\/www.lengadoc.eu\/2022\/01\/25\/jean-castex-narbonne-gruissan-aude-2\/#primaryimage"},"thumbnailUrl":"https:\/\/www.lengadoc.eu\/wp-content\/uploads\/2022\/01\/220124-pizzapizza.jpg","articleSection":["Actualitat"],"inLanguage":"oc"},{"@type":"WebPage","@id":"https:\/\/www.lengadoc.eu\/2022\/01\/25\/jean-castex-narbonne-gruissan-aude-2\/","url":"https:\/\/www.lengadoc.eu\/2022\/01\/25\/jean-castex-narbonne-gruissan-aude-2\/","name":"La Lengad\u00f2c d'hiver est arriv\u00e9e! - Radio Lengadoc","isPartOf":{"@id":"https:\/\/www.lengadoc.eu\/#website"},"primaryImageOfPage":{"@id":"https:\/\/www.lengadoc.eu\/2022\/01\/25\/jean-castex-narbonne-gruissan-aude-2\/#primaryimage"},"image":{"@id":"https:\/\/www.lengadoc.eu\/2022\/01\/25\/jean-castex-narbonne-gruissan-aude-2\/#primaryimage"},"thumbnailUrl":"https:\/\/www.lengadoc.eu\/wp-content\/uploads\/2022\/01\/220124-pizzapizza.jpg","datePublished":"2022-01-25T20:14:58+00:00","dateModified":"2022-01-30T20:19:54+00:00","description":"Carrefour strat\u00e9gique de la future ligne LGV, Narbonne a accueillie la signature officielle du premier protocole d'intention de cofinancement de cet \u00e9quipement majeur. Puis, c'est \u00e0 Gruissan qu'a eu lieu une autre signature importante: celle de l'engagement financier pour la p\u00e9riode 2021-2027 du plan Littoral 21.","breadcrumb":{"@id":"https:\/\/www.lengadoc.eu\/2022\/01\/25\/jean-castex-narbonne-gruissan-aude-2\/#breadcrumb"},"inLanguage":"oc","potentialAction":[{"@type":"ReadAction","target":["https:\/\/www.lengadoc.eu\/2022\/01\/25\/jean-castex-narbonne-gruissan-aude-2\/"]}]},{"@type":"ImageObject","inLanguage":"oc","@id":"https:\/\/www.lengadoc.eu\/2022\/01\/25\/jean-castex-narbonne-gruissan-aude-2\/#primaryimage","url":"https:\/\/www.lengadoc.eu\/wp-content\/uploads\/2022\/01\/220124-pizzapizza.jpg","contentUrl":"https:\/\/www.lengadoc.eu\/wp-content\/uploads\/2022\/01\/220124-pizzapizza.jpg","width":1920,"height":1080},{"@type":"BreadcrumbList","@id":"https:\/\/www.lengadoc.eu\/2022\/01\/25\/jean-castex-narbonne-gruissan-aude-2\/#breadcrumb","itemListElement":[{"@type":"ListItem","position":1,"name":"Home","item":"https:\/\/www.lengadoc.eu\/"},{"@type":"ListItem","position":2,"name":"La Lengad\u00f2c d&rsquo;hiver est arriv\u00e9e!"}]},{"@type":"WebSite","@id":"https:\/\/www.lengadoc.eu\/#website","url":"https:\/\/www.lengadoc.eu\/","name":"Radio Lengadoc","description":"La Radio d&#039;Aqu\u00ec","publisher":{"@id":"https:\/\/www.lengadoc.eu\/#organization"},"potentialAction":[{"@type":"SearchAction","target":{"@type":"EntryPoint","urlTemplate":"https:\/\/www.lengadoc.eu\/?s={search_term_string}"},"query-input":{"@type":"PropertyValueSpecification","valueRequired":true,"valueName":"search_term_string"}}],"inLanguage":"oc"},{"@type":"Organization","@id":"https:\/\/www.lengadoc.eu\/#organization","name":"R\u00e0dio Lengad\u00f2c","url":"https:\/\/www.lengadoc.eu\/","logo":{"@type":"ImageObject","inLanguage":"oc","@id":"https:\/\/www.lengadoc.eu\/#\/schema\/logo\/image\/","url":"https:\/\/www.lengadoc.eu\/wp-content\/uploads\/2021\/01\/logo-RLO.jpg","contentUrl":"https:\/\/www.lengadoc.eu\/wp-content\/uploads\/2021\/01\/logo-RLO.jpg","width":1958,"height":509,"caption":"R\u00e0dio Lengad\u00f2c"},"image":{"@id":"https:\/\/www.lengadoc.eu\/#\/schema\/logo\/image\/"},"sameAs":["https:\/\/www.facebook.com\/radiolengadoc","https:\/\/www.instagram.com\/radiolengadoc"]},{"@type":"Person","@id":"https:\/\/www.lengadoc.eu\/#\/schema\/person\/ada8850603ae5533e65203193d829087","name":"R\u00e0dio Lengad\u00f2c","sameAs":["http:\/\/www.lengadoc.eu"]}]}},"_links":{"self":[{"href":"https:\/\/www.lengadoc.eu\/oc\/wp-json\/wp\/v2\/posts\/6843","targetHints":{"allow":["GET"]}}],"collection":[{"href":"https:\/\/www.lengadoc.eu\/oc\/wp-json\/wp\/v2\/posts"}],"about":[{"href":"https:\/\/www.lengadoc.eu\/oc\/wp-json\/wp\/v2\/types\/post"}],"author":[{"embeddable":true,"href":"https:\/\/www.lengadoc.eu\/oc\/wp-json\/wp\/v2\/users\/1"}],"replies":[{"embeddable":true,"href":"https:\/\/www.lengadoc.eu\/oc\/wp-json\/wp\/v2\/comments?post=6843"}],"version-history":[{"count":0,"href":"https:\/\/www.lengadoc.eu\/oc\/wp-json\/wp\/v2\/posts\/6843\/revisions"}],"wp:featuredmedia":[{"embeddable":true,"href":"https:\/\/www.lengadoc.eu\/oc\/wp-json\/wp\/v2\/media\/6844"}],"wp:attachment":[{"href":"https:\/\/www.lengadoc.eu\/oc\/wp-json\/wp\/v2\/media?parent=6843"}],"wp:term":[{"taxonomy":"category","embeddable":true,"href":"https:\/\/www.lengadoc.eu\/oc\/wp-json\/wp\/v2\/categories?post=6843"},{"taxonomy":"post_tag","embeddable":true,"href":"https:\/\/www.lengadoc.eu\/oc\/wp-json\/wp\/v2\/tags?post=6843"}],"curies":[{"name":"wp","href":"https:\/\/api.w.org\/{rel}","templated":true}]}}