{"id":6182,"date":"2021-09-25T12:45:03","date_gmt":"2021-09-25T10:45:03","guid":{"rendered":"https:\/\/www.lengadoc.eu\/?p=6182"},"modified":"2021-09-27T12:47:50","modified_gmt":"2021-09-27T10:47:50","slug":"salon-livre-grand-narbonne-2021","status":"publish","type":"post","link":"https:\/\/www.lengadoc.eu\/oc\/2021\/09\/25\/salon-livre-grand-narbonne-2021\/","title":{"rendered":"Salon du livre du Grand Narbonne 2021"},"content":{"rendered":"<div class=\"nc684nl6\">\n<div dir=\"auto\">\n<div dir=\"auto\">\n<div class=\"o9v6fnle cxmmr5t8 oygrvhab hcukyx3x c1et5uql ii04i59q\">\n<div class=\"nc684nl6\">\n<p><iframe loading=\"lazy\" title=\"Salon du livre du Grand Narbonne 2021\" width=\"1170\" height=\"658\" src=\"https:\/\/www.youtube.com\/embed\/JAC2FeLnT8Q?feature=oembed\" frameborder=\"0\" allow=\"accelerometer; autoplay; clipboard-write; encrypted-media; gyroscope; picture-in-picture\" allowfullscreen><\/iframe><\/p>\n<\/div>\n<div class=\"nc684nl6\">\n<p>&#8212;&#8211;<\/p>\n<div dir=\"auto\">Ce weekend, c&rsquo;est le Salon du Livre du Grand Narbonne ! Venez d\u00e9couvrir ou red\u00e9couvrir un auteur, un livre, une histoire&#8230; On s&rsquo;est balad\u00e9 entre les tentes et on vous a pos\u00e9 la question \u00ab\u00a0Le livre, qu&rsquo;est-ce que ca repr\u00e9sente pour vous?\u00a0\u00bb Voici vos r\u00e9ponses !<\/div>\n<\/div>\n<div class=\"nc684nl6\"><em>Un reportage de Nicolas Laffont pour Ma WebTV Narbonne.<\/em><\/div>\n<\/div>\n<\/div>\n<\/div>\n<\/div>","protected":false},"excerpt":{"rendered":"<p>&#8212;&#8211; Ce weekend, c&rsquo;est le Salon du Livre du Grand Narbonne ! Venez d\u00e9couvrir ou red\u00e9couvrir un auteur, un livre, une histoire&#8230; On s&rsquo;est balad\u00e9 entre les tentes et on vous a pos\u00e9 la question \u00ab\u00a0Le livre, qu&rsquo;est-ce que ca repr\u00e9sente pour vous?\u00a0\u00bb Voici vos r\u00e9ponses ! Un reportage de Nicolas Laffont pour Ma WebTV [&hellip;]<\/p>","protected":false},"author":1,"featured_media":6183,"comment_status":"closed","ping_status":"closed","sticky":false,"template":"","format":"video","meta":{"_monsterinsights_skip_tracking":false,"_monsterinsights_sitenote_active":false,"_monsterinsights_sitenote_note":"","_monsterinsights_sitenote_category":0,"_uf_show_specific_survey":0,"_uf_disable_surveys":false,"footnotes":""},"categories":[10],"tags":[],"class_list":["post-6182","post","type-post","status-publish","format-video","has-post-thumbnail","hentry","category-videos","post_format-post-format-video"],"yoast_head":"<!-- This site is optimized with the Yoast SEO plugin v24.8.1 - https:\/\/yoast.com\/wordpress\/plugins\/seo\/ -->\n<title>Salon du livre du Grand Narbonne 2021 - Radio Lengadoc<\/title>\n<meta name=\"description\" content=\"Ce weekend, c&#039;est le Salon du Livre du Grand Narbonne ! Venez d\u00e9couvrir ou red\u00e9couvrir un auteur, un livre, une histoire...On s&#039;est balad\u00e9 entre les tentes et on vous a pos\u00e9 la question &quot;Le livre, qu&#039;est-ce que ca repr\u00e9sente pour vous?&quot; Voici vos r\u00e9ponses !\" \/>\n<meta name=\"robots\" content=\"index, follow, max-snippet:-1, max-image-preview:large, max-video-preview:-1\" \/>\n<link rel=\"canonical\" href=\"https:\/\/www.lengadoc.eu\/oc\/2021\/09\/25\/salon-livre-grand-narbonne-2021\/\" \/>\n<meta property=\"og:locale\" content=\"en_US\" \/>\n<meta property=\"og:type\" content=\"article\" \/>\n<meta property=\"og:title\" content=\"Salon du livre du Grand Narbonne 2021 - Radio Lengadoc\" \/>\n<meta property=\"og:description\" content=\"Ce weekend, c&#039;est le Salon du Livre du Grand Narbonne ! Venez d\u00e9couvrir ou red\u00e9couvrir un auteur, un livre, une histoire...On s&#039;est balad\u00e9 entre les tentes et on vous a pos\u00e9 la question &quot;Le livre, qu&#039;est-ce que ca repr\u00e9sente pour vous?&quot; Voici vos r\u00e9ponses !\" \/>\n<meta property=\"og:url\" content=\"https:\/\/www.lengadoc.eu\/oc\/2021\/09\/25\/salon-livre-grand-narbonne-2021\/\" \/>\n<meta property=\"og:site_name\" content=\"Radio Lengadoc\" \/>\n<meta property=\"article:publisher\" content=\"https:\/\/www.facebook.com\/radiolengadoc\" \/>\n<meta property=\"article:published_time\" content=\"2021-09-25T10:45:03+00:00\" \/>\n<meta property=\"article:modified_time\" content=\"2021-09-27T10:47:50+00:00\" \/>\n<meta property=\"og:image\" content=\"https:\/\/www.lengadoc.eu\/wp-content\/uploads\/2021\/09\/210927-salonlivre.jpg\" \/>\n\t<meta property=\"og:image:width\" content=\"1920\" \/>\n\t<meta property=\"og:image:height\" content=\"1080\" \/>\n\t<meta property=\"og:image:type\" content=\"image\/jpeg\" \/>\n<meta name=\"author\" content=\"R\u00e0dio Lengad\u00f2c\" \/>\n<meta name=\"twitter:card\" content=\"summary_large_image\" \/>\n<meta name=\"twitter:label1\" content=\"Written by\" \/>\n\t<meta name=\"twitter:data1\" content=\"R\u00e0dio Lengad\u00f2c\" \/>\n\t<meta name=\"twitter:label2\" content=\"Est. reading time\" \/>\n\t<meta name=\"twitter:data2\" content=\"1 minute\" \/>\n<script type=\"application\/ld+json\" class=\"yoast-schema-graph\">{\"@context\":\"https:\/\/schema.org\",\"@graph\":[{\"@type\":\"Article\",\"@id\":\"https:\/\/www.lengadoc.eu\/2021\/09\/25\/salon-livre-grand-narbonne-2021\/#article\",\"isPartOf\":{\"@id\":\"https:\/\/www.lengadoc.eu\/2021\/09\/25\/salon-livre-grand-narbonne-2021\/\"},\"author\":{\"name\":\"R\u00e0dio Lengad\u00f2c\",\"@id\":\"https:\/\/www.lengadoc.eu\/#\/schema\/person\/ada8850603ae5533e65203193d829087\"},\"headline\":\"Salon du livre du Grand Narbonne 2021\",\"datePublished\":\"2021-09-25T10:45:03+00:00\",\"dateModified\":\"2021-09-27T10:47:50+00:00\",\"mainEntityOfPage\":{\"@id\":\"https:\/\/www.lengadoc.eu\/2021\/09\/25\/salon-livre-grand-narbonne-2021\/\"},\"wordCount\":72,\"publisher\":{\"@id\":\"https:\/\/www.lengadoc.eu\/#organization\"},\"image\":{\"@id\":\"https:\/\/www.lengadoc.eu\/2021\/09\/25\/salon-livre-grand-narbonne-2021\/#primaryimage\"},\"thumbnailUrl\":\"https:\/\/www.lengadoc.eu\/wp-content\/uploads\/2021\/09\/210927-salonlivre.jpg\",\"articleSection\":[\"Actualitat\"],\"inLanguage\":\"oc\"},{\"@type\":\"WebPage\",\"@id\":\"https:\/\/www.lengadoc.eu\/2021\/09\/25\/salon-livre-grand-narbonne-2021\/\",\"url\":\"https:\/\/www.lengadoc.eu\/2021\/09\/25\/salon-livre-grand-narbonne-2021\/\",\"name\":\"Salon du livre du Grand Narbonne 2021 - Radio Lengadoc\",\"isPartOf\":{\"@id\":\"https:\/\/www.lengadoc.eu\/#website\"},\"primaryImageOfPage\":{\"@id\":\"https:\/\/www.lengadoc.eu\/2021\/09\/25\/salon-livre-grand-narbonne-2021\/#primaryimage\"},\"image\":{\"@id\":\"https:\/\/www.lengadoc.eu\/2021\/09\/25\/salon-livre-grand-narbonne-2021\/#primaryimage\"},\"thumbnailUrl\":\"https:\/\/www.lengadoc.eu\/wp-content\/uploads\/2021\/09\/210927-salonlivre.jpg\",\"datePublished\":\"2021-09-25T10:45:03+00:00\",\"dateModified\":\"2021-09-27T10:47:50+00:00\",\"description\":\"Ce weekend, c'est le Salon du Livre du Grand Narbonne ! Venez d\u00e9couvrir ou red\u00e9couvrir un auteur, un livre, une histoire...On s'est balad\u00e9 entre les tentes et on vous a pos\u00e9 la question \\\"Le livre, qu'est-ce que ca repr\u00e9sente pour vous?\\\" Voici vos r\u00e9ponses !\",\"breadcrumb\":{\"@id\":\"https:\/\/www.lengadoc.eu\/2021\/09\/25\/salon-livre-grand-narbonne-2021\/#breadcrumb\"},\"inLanguage\":\"oc\",\"potentialAction\":[{\"@type\":\"ReadAction\",\"target\":[\"https:\/\/www.lengadoc.eu\/2021\/09\/25\/salon-livre-grand-narbonne-2021\/\"]}]},{\"@type\":\"ImageObject\",\"inLanguage\":\"oc\",\"@id\":\"https:\/\/www.lengadoc.eu\/2021\/09\/25\/salon-livre-grand-narbonne-2021\/#primaryimage\",\"url\":\"https:\/\/www.lengadoc.eu\/wp-content\/uploads\/2021\/09\/210927-salonlivre.jpg\",\"contentUrl\":\"https:\/\/www.lengadoc.eu\/wp-content\/uploads\/2021\/09\/210927-salonlivre.jpg\",\"width\":1920,\"height\":1080},{\"@type\":\"BreadcrumbList\",\"@id\":\"https:\/\/www.lengadoc.eu\/2021\/09\/25\/salon-livre-grand-narbonne-2021\/#breadcrumb\",\"itemListElement\":[{\"@type\":\"ListItem\",\"position\":1,\"name\":\"Home\",\"item\":\"https:\/\/www.lengadoc.eu\/\"},{\"@type\":\"ListItem\",\"position\":2,\"name\":\"Salon du livre du Grand Narbonne 2021\"}]},{\"@type\":\"WebSite\",\"@id\":\"https:\/\/www.lengadoc.eu\/#website\",\"url\":\"https:\/\/www.lengadoc.eu\/\",\"name\":\"Radio Lengadoc\",\"description\":\"La Radio d&#039;Aqu\u00ec\",\"publisher\":{\"@id\":\"https:\/\/www.lengadoc.eu\/#organization\"},\"potentialAction\":[{\"@type\":\"SearchAction\",\"target\":{\"@type\":\"EntryPoint\",\"urlTemplate\":\"https:\/\/www.lengadoc.eu\/?s={search_term_string}\"},\"query-input\":{\"@type\":\"PropertyValueSpecification\",\"valueRequired\":true,\"valueName\":\"search_term_string\"}}],\"inLanguage\":\"oc\"},{\"@type\":\"Organization\",\"@id\":\"https:\/\/www.lengadoc.eu\/#organization\",\"name\":\"R\u00e0dio Lengad\u00f2c\",\"url\":\"https:\/\/www.lengadoc.eu\/\",\"logo\":{\"@type\":\"ImageObject\",\"inLanguage\":\"oc\",\"@id\":\"https:\/\/www.lengadoc.eu\/#\/schema\/logo\/image\/\",\"url\":\"https:\/\/www.lengadoc.eu\/wp-content\/uploads\/2021\/01\/logo-RLO.jpg\",\"contentUrl\":\"https:\/\/www.lengadoc.eu\/wp-content\/uploads\/2021\/01\/logo-RLO.jpg\",\"width\":1958,\"height\":509,\"caption\":\"R\u00e0dio Lengad\u00f2c\"},\"image\":{\"@id\":\"https:\/\/www.lengadoc.eu\/#\/schema\/logo\/image\/\"},\"sameAs\":[\"https:\/\/www.facebook.com\/radiolengadoc\",\"https:\/\/www.instagram.com\/radiolengadoc\"]},{\"@type\":\"Person\",\"@id\":\"https:\/\/www.lengadoc.eu\/#\/schema\/person\/ada8850603ae5533e65203193d829087\",\"name\":\"R\u00e0dio Lengad\u00f2c\",\"sameAs\":[\"http:\/\/www.lengadoc.eu\"]}]}<\/script>\n<!-- \/ Yoast SEO plugin. -->","yoast_head_json":{"title":"Salon du livre du Grand Narbonne 2021 - Radio Lengadoc","description":"Ce weekend, c'est le Salon du Livre du Grand Narbonne ! Venez d\u00e9couvrir ou red\u00e9couvrir un auteur, un livre, une histoire...On s'est balad\u00e9 entre les tentes et on vous a pos\u00e9 la question \"Le livre, qu'est-ce que ca repr\u00e9sente pour vous?\" Voici vos r\u00e9ponses !","robots":{"index":"index","follow":"follow","max-snippet":"max-snippet:-1","max-image-preview":"max-image-preview:large","max-video-preview":"max-video-preview:-1"},"canonical":"https:\/\/www.lengadoc.eu\/oc\/2021\/09\/25\/salon-livre-grand-narbonne-2021\/","og_locale":"en_US","og_type":"article","og_title":"Salon du livre du Grand Narbonne 2021 - Radio Lengadoc","og_description":"Ce weekend, c'est le Salon du Livre du Grand Narbonne ! Venez d\u00e9couvrir ou red\u00e9couvrir un auteur, un livre, une histoire...On s'est balad\u00e9 entre les tentes et on vous a pos\u00e9 la question \"Le livre, qu'est-ce que ca repr\u00e9sente pour vous?\" Voici vos r\u00e9ponses !","og_url":"https:\/\/www.lengadoc.eu\/oc\/2021\/09\/25\/salon-livre-grand-narbonne-2021\/","og_site_name":"Radio Lengadoc","article_publisher":"https:\/\/www.facebook.com\/radiolengadoc","article_published_time":"2021-09-25T10:45:03+00:00","article_modified_time":"2021-09-27T10:47:50+00:00","og_image":[{"width":1920,"height":1080,"url":"https:\/\/www.lengadoc.eu\/wp-content\/uploads\/2021\/09\/210927-salonlivre.jpg","type":"image\/jpeg"}],"author":"R\u00e0dio Lengad\u00f2c","twitter_card":"summary_large_image","twitter_misc":{"Written by":"R\u00e0dio Lengad\u00f2c","Est. reading time":"1 minute"},"schema":{"@context":"https:\/\/schema.org","@graph":[{"@type":"Article","@id":"https:\/\/www.lengadoc.eu\/2021\/09\/25\/salon-livre-grand-narbonne-2021\/#article","isPartOf":{"@id":"https:\/\/www.lengadoc.eu\/2021\/09\/25\/salon-livre-grand-narbonne-2021\/"},"author":{"name":"R\u00e0dio Lengad\u00f2c","@id":"https:\/\/www.lengadoc.eu\/#\/schema\/person\/ada8850603ae5533e65203193d829087"},"headline":"Salon du livre du Grand Narbonne 2021","datePublished":"2021-09-25T10:45:03+00:00","dateModified":"2021-09-27T10:47:50+00:00","mainEntityOfPage":{"@id":"https:\/\/www.lengadoc.eu\/2021\/09\/25\/salon-livre-grand-narbonne-2021\/"},"wordCount":72,"publisher":{"@id":"https:\/\/www.lengadoc.eu\/#organization"},"image":{"@id":"https:\/\/www.lengadoc.eu\/2021\/09\/25\/salon-livre-grand-narbonne-2021\/#primaryimage"},"thumbnailUrl":"https:\/\/www.lengadoc.eu\/wp-content\/uploads\/2021\/09\/210927-salonlivre.jpg","articleSection":["Actualitat"],"inLanguage":"oc"},{"@type":"WebPage","@id":"https:\/\/www.lengadoc.eu\/2021\/09\/25\/salon-livre-grand-narbonne-2021\/","url":"https:\/\/www.lengadoc.eu\/2021\/09\/25\/salon-livre-grand-narbonne-2021\/","name":"Salon du livre du Grand Narbonne 2021 - Radio Lengadoc","isPartOf":{"@id":"https:\/\/www.lengadoc.eu\/#website"},"primaryImageOfPage":{"@id":"https:\/\/www.lengadoc.eu\/2021\/09\/25\/salon-livre-grand-narbonne-2021\/#primaryimage"},"image":{"@id":"https:\/\/www.lengadoc.eu\/2021\/09\/25\/salon-livre-grand-narbonne-2021\/#primaryimage"},"thumbnailUrl":"https:\/\/www.lengadoc.eu\/wp-content\/uploads\/2021\/09\/210927-salonlivre.jpg","datePublished":"2021-09-25T10:45:03+00:00","dateModified":"2021-09-27T10:47:50+00:00","description":"Ce weekend, c'est le Salon du Livre du Grand Narbonne ! Venez d\u00e9couvrir ou red\u00e9couvrir un auteur, un livre, une histoire...On s'est balad\u00e9 entre les tentes et on vous a pos\u00e9 la question \"Le livre, qu'est-ce que ca repr\u00e9sente pour vous?\" Voici vos r\u00e9ponses !","breadcrumb":{"@id":"https:\/\/www.lengadoc.eu\/2021\/09\/25\/salon-livre-grand-narbonne-2021\/#breadcrumb"},"inLanguage":"oc","potentialAction":[{"@type":"ReadAction","target":["https:\/\/www.lengadoc.eu\/2021\/09\/25\/salon-livre-grand-narbonne-2021\/"]}]},{"@type":"ImageObject","inLanguage":"oc","@id":"https:\/\/www.lengadoc.eu\/2021\/09\/25\/salon-livre-grand-narbonne-2021\/#primaryimage","url":"https:\/\/www.lengadoc.eu\/wp-content\/uploads\/2021\/09\/210927-salonlivre.jpg","contentUrl":"https:\/\/www.lengadoc.eu\/wp-content\/uploads\/2021\/09\/210927-salonlivre.jpg","width":1920,"height":1080},{"@type":"BreadcrumbList","@id":"https:\/\/www.lengadoc.eu\/2021\/09\/25\/salon-livre-grand-narbonne-2021\/#breadcrumb","itemListElement":[{"@type":"ListItem","position":1,"name":"Home","item":"https:\/\/www.lengadoc.eu\/"},{"@type":"ListItem","position":2,"name":"Salon du livre du Grand Narbonne 2021"}]},{"@type":"WebSite","@id":"https:\/\/www.lengadoc.eu\/#website","url":"https:\/\/www.lengadoc.eu\/","name":"Radio Lengadoc","description":"La Radio d&#039;Aqu\u00ec","publisher":{"@id":"https:\/\/www.lengadoc.eu\/#organization"},"potentialAction":[{"@type":"SearchAction","target":{"@type":"EntryPoint","urlTemplate":"https:\/\/www.lengadoc.eu\/?s={search_term_string}"},"query-input":{"@type":"PropertyValueSpecification","valueRequired":true,"valueName":"search_term_string"}}],"inLanguage":"oc"},{"@type":"Organization","@id":"https:\/\/www.lengadoc.eu\/#organization","name":"R\u00e0dio Lengad\u00f2c","url":"https:\/\/www.lengadoc.eu\/","logo":{"@type":"ImageObject","inLanguage":"oc","@id":"https:\/\/www.lengadoc.eu\/#\/schema\/logo\/image\/","url":"https:\/\/www.lengadoc.eu\/wp-content\/uploads\/2021\/01\/logo-RLO.jpg","contentUrl":"https:\/\/www.lengadoc.eu\/wp-content\/uploads\/2021\/01\/logo-RLO.jpg","width":1958,"height":509,"caption":"R\u00e0dio Lengad\u00f2c"},"image":{"@id":"https:\/\/www.lengadoc.eu\/#\/schema\/logo\/image\/"},"sameAs":["https:\/\/www.facebook.com\/radiolengadoc","https:\/\/www.instagram.com\/radiolengadoc"]},{"@type":"Person","@id":"https:\/\/www.lengadoc.eu\/#\/schema\/person\/ada8850603ae5533e65203193d829087","name":"R\u00e0dio Lengad\u00f2c","sameAs":["http:\/\/www.lengadoc.eu"]}]}},"_links":{"self":[{"href":"https:\/\/www.lengadoc.eu\/oc\/wp-json\/wp\/v2\/posts\/6182","targetHints":{"allow":["GET"]}}],"collection":[{"href":"https:\/\/www.lengadoc.eu\/oc\/wp-json\/wp\/v2\/posts"}],"about":[{"href":"https:\/\/www.lengadoc.eu\/oc\/wp-json\/wp\/v2\/types\/post"}],"author":[{"embeddable":true,"href":"https:\/\/www.lengadoc.eu\/oc\/wp-json\/wp\/v2\/users\/1"}],"replies":[{"embeddable":true,"href":"https:\/\/www.lengadoc.eu\/oc\/wp-json\/wp\/v2\/comments?post=6182"}],"version-history":[{"count":0,"href":"https:\/\/www.lengadoc.eu\/oc\/wp-json\/wp\/v2\/posts\/6182\/revisions"}],"wp:featuredmedia":[{"embeddable":true,"href":"https:\/\/www.lengadoc.eu\/oc\/wp-json\/wp\/v2\/media\/6183"}],"wp:attachment":[{"href":"https:\/\/www.lengadoc.eu\/oc\/wp-json\/wp\/v2\/media?parent=6182"}],"wp:term":[{"taxonomy":"category","embeddable":true,"href":"https:\/\/www.lengadoc.eu\/oc\/wp-json\/wp\/v2\/categories?post=6182"},{"taxonomy":"post_tag","embeddable":true,"href":"https:\/\/www.lengadoc.eu\/oc\/wp-json\/wp\/v2\/tags?post=6182"}],"curies":[{"name":"wp","href":"https:\/\/api.w.org\/{rel}","templated":true}]}}