{"id":5254,"date":"2021-04-02T11:42:03","date_gmt":"2021-04-02T09:42:03","guid":{"rendered":"https:\/\/www.lengadoc.eu\/?p=5254"},"modified":"2021-04-06T11:54:20","modified_gmt":"2021-04-06T09:54:20","slug":"carole-delga-narbovia","status":"publish","type":"post","link":"https:\/\/www.lengadoc.eu\/oc\/2021\/04\/02\/carole-delga-narbovia\/","title":{"rendered":"Carole Delga plante symboliquement un pied de vigne"},"content":{"rendered":"<p><iframe loading=\"lazy\" title=\"Carole Delga plante symboliquement un pied de vigne\" width=\"1170\" height=\"658\" src=\"https:\/\/www.youtube.com\/embed\/syfr28EnFR4?feature=oembed\" frameborder=\"0\" allow=\"accelerometer; autoplay; clipboard-write; encrypted-media; gyroscope; picture-in-picture\" allowfullscreen><\/iframe><\/p>\n<div class=\"nc684nl6\">\n<div dir=\"auto\"><span class=\"d2edcug0 hpfvmrgz qv66sw1b c1et5uql lr9zc1uh a8c37x1j keod5gw0 nxhoafnm aigsh9s9 d3f4x2em fe6kdd0r mau55g9w c8b282yb iv3no6db jq4qci2q a3bd9o3v knj5qynh oo9gr5id hzawbc8m\" dir=\"auto\">Au <\/span>Narbo Via<span class=\"d2edcug0 hpfvmrgz qv66sw1b c1et5uql lr9zc1uh a8c37x1j keod5gw0 nxhoafnm aigsh9s9 d3f4x2em fe6kdd0r mau55g9w c8b282yb iv3no6db jq4qci2q a3bd9o3v knj5qynh oo9gr5id hzawbc8m\" dir=\"auto\">, la Pr\u00e9sidente de <\/span>La R\u00e9gion Occitanie \/ Pyr\u00e9n\u00e9es-M\u00e9diterran\u00e9e<span class=\"d2edcug0 hpfvmrgz qv66sw1b c1et5uql lr9zc1uh a8c37x1j keod5gw0 nxhoafnm aigsh9s9 d3f4x2em fe6kdd0r mau55g9w c8b282yb iv3no6db jq4qci2q a3bd9o3v knj5qynh oo9gr5id hzawbc8m\" dir=\"auto\"> a effectu\u00e9 une plantation symbolique de pieds de vignes, mettant ainsi en valeur un h\u00e9ritage issu de l&rsquo;Antiquit\u00e9 romaine, la vigne ayant \u00e9t\u00e9 introduite \u00e0 Narbonne d\u00e8s le 1er si\u00e8cle de notre \u00e8re.<\/span><\/div>\n<\/div>\n<p><em>Un reportage de Nicolas Laffont pour Ma WebTV Narbonne.<\/em><\/p>","protected":false},"excerpt":{"rendered":"<p>Au Narbo Via, la Pr\u00e9sidente de La R\u00e9gion Occitanie \/ Pyr\u00e9n\u00e9es-M\u00e9diterran\u00e9e a effectu\u00e9 une plantation symbolique de pieds de vignes, mettant ainsi en valeur un h\u00e9ritage issu de l&rsquo;Antiquit\u00e9 romaine, la vigne ayant \u00e9t\u00e9 introduite \u00e0 Narbonne d\u00e8s le 1er si\u00e8cle de notre \u00e8re. Un reportage de Nicolas Laffont pour Ma WebTV Narbonne.<\/p>","protected":false},"author":1,"featured_media":5256,"comment_status":"closed","ping_status":"closed","sticky":false,"template":"","format":"video","meta":{"_monsterinsights_skip_tracking":false,"_monsterinsights_sitenote_active":false,"_monsterinsights_sitenote_note":"","_monsterinsights_sitenote_category":0,"_uf_show_specific_survey":0,"_uf_disable_surveys":false,"footnotes":""},"categories":[10],"tags":[],"class_list":["post-5254","post","type-post","status-publish","format-video","has-post-thumbnail","hentry","category-videos","post_format-post-format-video"],"yoast_head":"<!-- This site is optimized with the Yoast SEO plugin v24.8.1 - https:\/\/yoast.com\/wordpress\/plugins\/seo\/ -->\n<title>Carole Delga plante symboliquement un pied de vigne - Radio Lengadoc<\/title>\n<meta name=\"description\" content=\"Au Narbo Via, la Pr\u00e9sidente de La R\u00e9gion Occitanie \/ Pyr\u00e9n\u00e9es-M\u00e9diterran\u00e9e a effectu\u00e9 une plantation symbolique de pieds de vignes, mettant ainsi en valeur un h\u00e9ritage issu de l&#039;Antiquit\u00e9 romaine, la vigne ayant \u00e9t\u00e9 introduite \u00e0 Narbonne d\u00e8s le 1er si\u00e8cle de notre \u00e8re.\" \/>\n<meta name=\"robots\" content=\"index, follow, max-snippet:-1, max-image-preview:large, max-video-preview:-1\" \/>\n<link rel=\"canonical\" href=\"https:\/\/www.lengadoc.eu\/oc\/2021\/04\/02\/carole-delga-narbovia\/\" \/>\n<meta property=\"og:locale\" content=\"en_US\" \/>\n<meta property=\"og:type\" content=\"article\" \/>\n<meta property=\"og:title\" content=\"Carole Delga plante symboliquement un pied de vigne - Radio Lengadoc\" \/>\n<meta property=\"og:description\" content=\"Au Narbo Via, la Pr\u00e9sidente de La R\u00e9gion Occitanie \/ Pyr\u00e9n\u00e9es-M\u00e9diterran\u00e9e a effectu\u00e9 une plantation symbolique de pieds de vignes, mettant ainsi en valeur un h\u00e9ritage issu de l&#039;Antiquit\u00e9 romaine, la vigne ayant \u00e9t\u00e9 introduite \u00e0 Narbonne d\u00e8s le 1er si\u00e8cle de notre \u00e8re.\" \/>\n<meta property=\"og:url\" content=\"https:\/\/www.lengadoc.eu\/oc\/2021\/04\/02\/carole-delga-narbovia\/\" \/>\n<meta property=\"og:site_name\" content=\"Radio Lengadoc\" \/>\n<meta property=\"article:publisher\" content=\"https:\/\/www.facebook.com\/radiolengadoc\" \/>\n<meta property=\"article:published_time\" content=\"2021-04-02T09:42:03+00:00\" \/>\n<meta property=\"article:modified_time\" content=\"2021-04-06T09:54:20+00:00\" \/>\n<meta property=\"og:image\" content=\"https:\/\/www.lengadoc.eu\/wp-content\/uploads\/2021\/04\/210331-DELGA.jpg\" \/>\n\t<meta property=\"og:image:width\" content=\"1920\" \/>\n\t<meta property=\"og:image:height\" content=\"1080\" \/>\n\t<meta property=\"og:image:type\" content=\"image\/jpeg\" \/>\n<meta name=\"author\" content=\"R\u00e0dio Lengad\u00f2c\" \/>\n<meta name=\"twitter:card\" content=\"summary_large_image\" \/>\n<meta name=\"twitter:label1\" content=\"Written by\" \/>\n\t<meta name=\"twitter:data1\" content=\"R\u00e0dio Lengad\u00f2c\" \/>\n\t<meta name=\"twitter:label2\" content=\"Est. reading time\" \/>\n\t<meta name=\"twitter:data2\" content=\"1 minute\" \/>\n<script type=\"application\/ld+json\" class=\"yoast-schema-graph\">{\"@context\":\"https:\/\/schema.org\",\"@graph\":[{\"@type\":\"Article\",\"@id\":\"https:\/\/www.lengadoc.eu\/2021\/04\/02\/carole-delga-narbovia\/#article\",\"isPartOf\":{\"@id\":\"https:\/\/www.lengadoc.eu\/2021\/04\/02\/carole-delga-narbovia\/\"},\"author\":{\"name\":\"R\u00e0dio Lengad\u00f2c\",\"@id\":\"https:\/\/www.lengadoc.eu\/#\/schema\/person\/ada8850603ae5533e65203193d829087\"},\"headline\":\"Carole Delga plante symboliquement un pied de vigne\",\"datePublished\":\"2021-04-02T09:42:03+00:00\",\"dateModified\":\"2021-04-06T09:54:20+00:00\",\"mainEntityOfPage\":{\"@id\":\"https:\/\/www.lengadoc.eu\/2021\/04\/02\/carole-delga-narbovia\/\"},\"wordCount\":75,\"publisher\":{\"@id\":\"https:\/\/www.lengadoc.eu\/#organization\"},\"image\":{\"@id\":\"https:\/\/www.lengadoc.eu\/2021\/04\/02\/carole-delga-narbovia\/#primaryimage\"},\"thumbnailUrl\":\"https:\/\/www.lengadoc.eu\/wp-content\/uploads\/2021\/04\/210331-DELGA.jpg\",\"articleSection\":[\"Actualitat\"],\"inLanguage\":\"oc\"},{\"@type\":\"WebPage\",\"@id\":\"https:\/\/www.lengadoc.eu\/2021\/04\/02\/carole-delga-narbovia\/\",\"url\":\"https:\/\/www.lengadoc.eu\/2021\/04\/02\/carole-delga-narbovia\/\",\"name\":\"Carole Delga plante symboliquement un pied de vigne - Radio Lengadoc\",\"isPartOf\":{\"@id\":\"https:\/\/www.lengadoc.eu\/#website\"},\"primaryImageOfPage\":{\"@id\":\"https:\/\/www.lengadoc.eu\/2021\/04\/02\/carole-delga-narbovia\/#primaryimage\"},\"image\":{\"@id\":\"https:\/\/www.lengadoc.eu\/2021\/04\/02\/carole-delga-narbovia\/#primaryimage\"},\"thumbnailUrl\":\"https:\/\/www.lengadoc.eu\/wp-content\/uploads\/2021\/04\/210331-DELGA.jpg\",\"datePublished\":\"2021-04-02T09:42:03+00:00\",\"dateModified\":\"2021-04-06T09:54:20+00:00\",\"description\":\"Au Narbo Via, la Pr\u00e9sidente de La R\u00e9gion Occitanie \/ Pyr\u00e9n\u00e9es-M\u00e9diterran\u00e9e a effectu\u00e9 une plantation symbolique de pieds de vignes, mettant ainsi en valeur un h\u00e9ritage issu de l'Antiquit\u00e9 romaine, la vigne ayant \u00e9t\u00e9 introduite \u00e0 Narbonne d\u00e8s le 1er si\u00e8cle de notre \u00e8re.\",\"breadcrumb\":{\"@id\":\"https:\/\/www.lengadoc.eu\/2021\/04\/02\/carole-delga-narbovia\/#breadcrumb\"},\"inLanguage\":\"oc\",\"potentialAction\":[{\"@type\":\"ReadAction\",\"target\":[\"https:\/\/www.lengadoc.eu\/2021\/04\/02\/carole-delga-narbovia\/\"]}]},{\"@type\":\"ImageObject\",\"inLanguage\":\"oc\",\"@id\":\"https:\/\/www.lengadoc.eu\/2021\/04\/02\/carole-delga-narbovia\/#primaryimage\",\"url\":\"https:\/\/www.lengadoc.eu\/wp-content\/uploads\/2021\/04\/210331-DELGA.jpg\",\"contentUrl\":\"https:\/\/www.lengadoc.eu\/wp-content\/uploads\/2021\/04\/210331-DELGA.jpg\",\"width\":1920,\"height\":1080},{\"@type\":\"BreadcrumbList\",\"@id\":\"https:\/\/www.lengadoc.eu\/2021\/04\/02\/carole-delga-narbovia\/#breadcrumb\",\"itemListElement\":[{\"@type\":\"ListItem\",\"position\":1,\"name\":\"Home\",\"item\":\"https:\/\/www.lengadoc.eu\/\"},{\"@type\":\"ListItem\",\"position\":2,\"name\":\"Carole Delga plante symboliquement un pied de vigne\"}]},{\"@type\":\"WebSite\",\"@id\":\"https:\/\/www.lengadoc.eu\/#website\",\"url\":\"https:\/\/www.lengadoc.eu\/\",\"name\":\"Radio Lengadoc\",\"description\":\"La Radio d&#039;Aqu\u00ec\",\"publisher\":{\"@id\":\"https:\/\/www.lengadoc.eu\/#organization\"},\"potentialAction\":[{\"@type\":\"SearchAction\",\"target\":{\"@type\":\"EntryPoint\",\"urlTemplate\":\"https:\/\/www.lengadoc.eu\/?s={search_term_string}\"},\"query-input\":{\"@type\":\"PropertyValueSpecification\",\"valueRequired\":true,\"valueName\":\"search_term_string\"}}],\"inLanguage\":\"oc\"},{\"@type\":\"Organization\",\"@id\":\"https:\/\/www.lengadoc.eu\/#organization\",\"name\":\"R\u00e0dio Lengad\u00f2c\",\"url\":\"https:\/\/www.lengadoc.eu\/\",\"logo\":{\"@type\":\"ImageObject\",\"inLanguage\":\"oc\",\"@id\":\"https:\/\/www.lengadoc.eu\/#\/schema\/logo\/image\/\",\"url\":\"https:\/\/www.lengadoc.eu\/wp-content\/uploads\/2021\/01\/logo-RLO.jpg\",\"contentUrl\":\"https:\/\/www.lengadoc.eu\/wp-content\/uploads\/2021\/01\/logo-RLO.jpg\",\"width\":1958,\"height\":509,\"caption\":\"R\u00e0dio Lengad\u00f2c\"},\"image\":{\"@id\":\"https:\/\/www.lengadoc.eu\/#\/schema\/logo\/image\/\"},\"sameAs\":[\"https:\/\/www.facebook.com\/radiolengadoc\",\"https:\/\/www.instagram.com\/radiolengadoc\"]},{\"@type\":\"Person\",\"@id\":\"https:\/\/www.lengadoc.eu\/#\/schema\/person\/ada8850603ae5533e65203193d829087\",\"name\":\"R\u00e0dio Lengad\u00f2c\",\"sameAs\":[\"http:\/\/www.lengadoc.eu\"]}]}<\/script>\n<!-- \/ Yoast SEO plugin. -->","yoast_head_json":{"title":"Carole Delga plante symboliquement un pied de vigne - Radio Lengadoc","description":"Au Narbo Via, la Pr\u00e9sidente de La R\u00e9gion Occitanie \/ Pyr\u00e9n\u00e9es-M\u00e9diterran\u00e9e a effectu\u00e9 une plantation symbolique de pieds de vignes, mettant ainsi en valeur un h\u00e9ritage issu de l'Antiquit\u00e9 romaine, la vigne ayant \u00e9t\u00e9 introduite \u00e0 Narbonne d\u00e8s le 1er si\u00e8cle de notre \u00e8re.","robots":{"index":"index","follow":"follow","max-snippet":"max-snippet:-1","max-image-preview":"max-image-preview:large","max-video-preview":"max-video-preview:-1"},"canonical":"https:\/\/www.lengadoc.eu\/oc\/2021\/04\/02\/carole-delga-narbovia\/","og_locale":"en_US","og_type":"article","og_title":"Carole Delga plante symboliquement un pied de vigne - Radio Lengadoc","og_description":"Au Narbo Via, la Pr\u00e9sidente de La R\u00e9gion Occitanie \/ Pyr\u00e9n\u00e9es-M\u00e9diterran\u00e9e a effectu\u00e9 une plantation symbolique de pieds de vignes, mettant ainsi en valeur un h\u00e9ritage issu de l'Antiquit\u00e9 romaine, la vigne ayant \u00e9t\u00e9 introduite \u00e0 Narbonne d\u00e8s le 1er si\u00e8cle de notre \u00e8re.","og_url":"https:\/\/www.lengadoc.eu\/oc\/2021\/04\/02\/carole-delga-narbovia\/","og_site_name":"Radio Lengadoc","article_publisher":"https:\/\/www.facebook.com\/radiolengadoc","article_published_time":"2021-04-02T09:42:03+00:00","article_modified_time":"2021-04-06T09:54:20+00:00","og_image":[{"width":1920,"height":1080,"url":"https:\/\/www.lengadoc.eu\/wp-content\/uploads\/2021\/04\/210331-DELGA.jpg","type":"image\/jpeg"}],"author":"R\u00e0dio Lengad\u00f2c","twitter_card":"summary_large_image","twitter_misc":{"Written by":"R\u00e0dio Lengad\u00f2c","Est. reading time":"1 minute"},"schema":{"@context":"https:\/\/schema.org","@graph":[{"@type":"Article","@id":"https:\/\/www.lengadoc.eu\/2021\/04\/02\/carole-delga-narbovia\/#article","isPartOf":{"@id":"https:\/\/www.lengadoc.eu\/2021\/04\/02\/carole-delga-narbovia\/"},"author":{"name":"R\u00e0dio Lengad\u00f2c","@id":"https:\/\/www.lengadoc.eu\/#\/schema\/person\/ada8850603ae5533e65203193d829087"},"headline":"Carole Delga plante symboliquement un pied de vigne","datePublished":"2021-04-02T09:42:03+00:00","dateModified":"2021-04-06T09:54:20+00:00","mainEntityOfPage":{"@id":"https:\/\/www.lengadoc.eu\/2021\/04\/02\/carole-delga-narbovia\/"},"wordCount":75,"publisher":{"@id":"https:\/\/www.lengadoc.eu\/#organization"},"image":{"@id":"https:\/\/www.lengadoc.eu\/2021\/04\/02\/carole-delga-narbovia\/#primaryimage"},"thumbnailUrl":"https:\/\/www.lengadoc.eu\/wp-content\/uploads\/2021\/04\/210331-DELGA.jpg","articleSection":["Actualitat"],"inLanguage":"oc"},{"@type":"WebPage","@id":"https:\/\/www.lengadoc.eu\/2021\/04\/02\/carole-delga-narbovia\/","url":"https:\/\/www.lengadoc.eu\/2021\/04\/02\/carole-delga-narbovia\/","name":"Carole Delga plante symboliquement un pied de vigne - Radio Lengadoc","isPartOf":{"@id":"https:\/\/www.lengadoc.eu\/#website"},"primaryImageOfPage":{"@id":"https:\/\/www.lengadoc.eu\/2021\/04\/02\/carole-delga-narbovia\/#primaryimage"},"image":{"@id":"https:\/\/www.lengadoc.eu\/2021\/04\/02\/carole-delga-narbovia\/#primaryimage"},"thumbnailUrl":"https:\/\/www.lengadoc.eu\/wp-content\/uploads\/2021\/04\/210331-DELGA.jpg","datePublished":"2021-04-02T09:42:03+00:00","dateModified":"2021-04-06T09:54:20+00:00","description":"Au Narbo Via, la Pr\u00e9sidente de La R\u00e9gion Occitanie \/ Pyr\u00e9n\u00e9es-M\u00e9diterran\u00e9e a effectu\u00e9 une plantation symbolique de pieds de vignes, mettant ainsi en valeur un h\u00e9ritage issu de l'Antiquit\u00e9 romaine, la vigne ayant \u00e9t\u00e9 introduite \u00e0 Narbonne d\u00e8s le 1er si\u00e8cle de notre \u00e8re.","breadcrumb":{"@id":"https:\/\/www.lengadoc.eu\/2021\/04\/02\/carole-delga-narbovia\/#breadcrumb"},"inLanguage":"oc","potentialAction":[{"@type":"ReadAction","target":["https:\/\/www.lengadoc.eu\/2021\/04\/02\/carole-delga-narbovia\/"]}]},{"@type":"ImageObject","inLanguage":"oc","@id":"https:\/\/www.lengadoc.eu\/2021\/04\/02\/carole-delga-narbovia\/#primaryimage","url":"https:\/\/www.lengadoc.eu\/wp-content\/uploads\/2021\/04\/210331-DELGA.jpg","contentUrl":"https:\/\/www.lengadoc.eu\/wp-content\/uploads\/2021\/04\/210331-DELGA.jpg","width":1920,"height":1080},{"@type":"BreadcrumbList","@id":"https:\/\/www.lengadoc.eu\/2021\/04\/02\/carole-delga-narbovia\/#breadcrumb","itemListElement":[{"@type":"ListItem","position":1,"name":"Home","item":"https:\/\/www.lengadoc.eu\/"},{"@type":"ListItem","position":2,"name":"Carole Delga plante symboliquement un pied de vigne"}]},{"@type":"WebSite","@id":"https:\/\/www.lengadoc.eu\/#website","url":"https:\/\/www.lengadoc.eu\/","name":"Radio Lengadoc","description":"La Radio d&#039;Aqu\u00ec","publisher":{"@id":"https:\/\/www.lengadoc.eu\/#organization"},"potentialAction":[{"@type":"SearchAction","target":{"@type":"EntryPoint","urlTemplate":"https:\/\/www.lengadoc.eu\/?s={search_term_string}"},"query-input":{"@type":"PropertyValueSpecification","valueRequired":true,"valueName":"search_term_string"}}],"inLanguage":"oc"},{"@type":"Organization","@id":"https:\/\/www.lengadoc.eu\/#organization","name":"R\u00e0dio Lengad\u00f2c","url":"https:\/\/www.lengadoc.eu\/","logo":{"@type":"ImageObject","inLanguage":"oc","@id":"https:\/\/www.lengadoc.eu\/#\/schema\/logo\/image\/","url":"https:\/\/www.lengadoc.eu\/wp-content\/uploads\/2021\/01\/logo-RLO.jpg","contentUrl":"https:\/\/www.lengadoc.eu\/wp-content\/uploads\/2021\/01\/logo-RLO.jpg","width":1958,"height":509,"caption":"R\u00e0dio Lengad\u00f2c"},"image":{"@id":"https:\/\/www.lengadoc.eu\/#\/schema\/logo\/image\/"},"sameAs":["https:\/\/www.facebook.com\/radiolengadoc","https:\/\/www.instagram.com\/radiolengadoc"]},{"@type":"Person","@id":"https:\/\/www.lengadoc.eu\/#\/schema\/person\/ada8850603ae5533e65203193d829087","name":"R\u00e0dio Lengad\u00f2c","sameAs":["http:\/\/www.lengadoc.eu"]}]}},"_links":{"self":[{"href":"https:\/\/www.lengadoc.eu\/oc\/wp-json\/wp\/v2\/posts\/5254","targetHints":{"allow":["GET"]}}],"collection":[{"href":"https:\/\/www.lengadoc.eu\/oc\/wp-json\/wp\/v2\/posts"}],"about":[{"href":"https:\/\/www.lengadoc.eu\/oc\/wp-json\/wp\/v2\/types\/post"}],"author":[{"embeddable":true,"href":"https:\/\/www.lengadoc.eu\/oc\/wp-json\/wp\/v2\/users\/1"}],"replies":[{"embeddable":true,"href":"https:\/\/www.lengadoc.eu\/oc\/wp-json\/wp\/v2\/comments?post=5254"}],"version-history":[{"count":0,"href":"https:\/\/www.lengadoc.eu\/oc\/wp-json\/wp\/v2\/posts\/5254\/revisions"}],"wp:featuredmedia":[{"embeddable":true,"href":"https:\/\/www.lengadoc.eu\/oc\/wp-json\/wp\/v2\/media\/5256"}],"wp:attachment":[{"href":"https:\/\/www.lengadoc.eu\/oc\/wp-json\/wp\/v2\/media?parent=5254"}],"wp:term":[{"taxonomy":"category","embeddable":true,"href":"https:\/\/www.lengadoc.eu\/oc\/wp-json\/wp\/v2\/categories?post=5254"},{"taxonomy":"post_tag","embeddable":true,"href":"https:\/\/www.lengadoc.eu\/oc\/wp-json\/wp\/v2\/tags?post=5254"}],"curies":[{"name":"wp","href":"https:\/\/api.w.org\/{rel}","templated":true}]}}