{"id":5132,"date":"2021-03-09T16:42:40","date_gmt":"2021-03-09T15:42:40","guid":{"rendered":"https:\/\/www.lengadoc.eu\/?p=5132"},"modified":"2021-03-09T16:44:10","modified_gmt":"2021-03-09T15:44:10","slug":"compagnie-des-amandes","status":"publish","type":"post","link":"https:\/\/www.lengadoc.eu\/oc\/2021\/03\/09\/compagnie-des-amandes\/","title":{"rendered":"La compagnie des amandes d&rsquo;Arnaud Montebourg s&rsquo;implante au Somail"},"content":{"rendered":"<p><iframe loading=\"lazy\" title=\"Arnaud Montebourg en visite dans l&#039;Aude\" width=\"1170\" height=\"658\" src=\"https:\/\/www.youtube.com\/embed\/CxtQkTYUFUc?feature=oembed\" frameborder=\"0\" allow=\"accelerometer; autoplay; clipboard-write; encrypted-media; gyroscope; picture-in-picture\" allowfullscreen><\/iframe><\/p>\n<div class=\"nc684nl6\">De passage dans notre beau coin de pays, Arnaud Montebourga pr\u00e9sent\u00e9 la premi\u00e8re exploitation agricole d&rsquo;Occitanie d&rsquo;amandiers. Gr\u00e2ce \u00e0 La Compagnie des Amandes, Laurent Ratia de Somail Fruits peut lancer un nouveau verger exceptionnel.<\/div>\n<p><em>Un reportage de Nicolas Laffont et Fr\u00e9d\u00e9ric Ambrosini pour Ma WebTV Narbonne.<\/em><\/p>","protected":false},"excerpt":{"rendered":"<p>De passage dans notre beau coin de pays, Arnaud Montebourga pr\u00e9sent\u00e9 la premi\u00e8re exploitation agricole d&rsquo;Occitanie d&rsquo;amandiers. Gr\u00e2ce \u00e0 La Compagnie des Amandes, Laurent Ratia de Somail Fruits peut lancer un nouveau verger exceptionnel. Un reportage de Nicolas Laffont et Fr\u00e9d\u00e9ric Ambrosini pour Ma WebTV Narbonne.<\/p>","protected":false},"author":1,"featured_media":5133,"comment_status":"closed","ping_status":"closed","sticky":false,"template":"","format":"video","meta":{"_monsterinsights_skip_tracking":false,"_monsterinsights_sitenote_active":false,"_monsterinsights_sitenote_note":"","_monsterinsights_sitenote_category":0,"_uf_show_specific_survey":0,"_uf_disable_surveys":false,"footnotes":""},"categories":[10],"tags":[],"class_list":["post-5132","post","type-post","status-publish","format-video","has-post-thumbnail","hentry","category-videos","post_format-post-format-video"],"yoast_head":"<!-- This site is optimized with the Yoast SEO plugin v24.8.1 - https:\/\/yoast.com\/wordpress\/plugins\/seo\/ -->\n<title>La compagnie des amandes d&#039;Arnaud Montebourg s&#039;implante au Somail - Radio Lengadoc<\/title>\n<meta name=\"description\" content=\"\u00c9coutez R\u00e0dio Lengad\u00f2c en ligne, retrouvez notre grille des programmes, vos chroniques pr\u00e9f\u00e9r\u00e9es, podcasts et plus encore sur lengadoc.eu.\" \/>\n<meta name=\"robots\" content=\"index, follow, max-snippet:-1, max-image-preview:large, max-video-preview:-1\" \/>\n<link rel=\"canonical\" href=\"https:\/\/www.lengadoc.eu\/oc\/2021\/03\/09\/compagnie-des-amandes\/\" \/>\n<meta property=\"og:locale\" content=\"en_US\" \/>\n<meta property=\"og:type\" content=\"article\" \/>\n<meta property=\"og:title\" content=\"La compagnie des amandes d&#039;Arnaud Montebourg s&#039;implante au Somail - Radio Lengadoc\" \/>\n<meta property=\"og:description\" content=\"\u00c9coutez R\u00e0dio Lengad\u00f2c en ligne, retrouvez notre grille des programmes, vos chroniques pr\u00e9f\u00e9r\u00e9es, podcasts et plus encore sur lengadoc.eu.\" \/>\n<meta property=\"og:url\" content=\"https:\/\/www.lengadoc.eu\/oc\/2021\/03\/09\/compagnie-des-amandes\/\" \/>\n<meta property=\"og:site_name\" content=\"Radio Lengadoc\" \/>\n<meta property=\"article:publisher\" content=\"https:\/\/www.facebook.com\/radiolengadoc\" \/>\n<meta property=\"article:published_time\" content=\"2021-03-09T15:42:40+00:00\" \/>\n<meta property=\"article:modified_time\" content=\"2021-03-09T15:44:10+00:00\" \/>\n<meta property=\"og:image\" content=\"https:\/\/www.lengadoc.eu\/wp-content\/uploads\/2021\/03\/210304-amandessomail.jpg\" \/>\n\t<meta property=\"og:image:width\" content=\"1920\" \/>\n\t<meta property=\"og:image:height\" content=\"1080\" \/>\n\t<meta property=\"og:image:type\" content=\"image\/jpeg\" \/>\n<meta name=\"author\" content=\"R\u00e0dio Lengad\u00f2c\" \/>\n<meta name=\"twitter:card\" content=\"summary_large_image\" \/>\n<meta name=\"twitter:label1\" content=\"Written by\" \/>\n\t<meta name=\"twitter:data1\" content=\"R\u00e0dio Lengad\u00f2c\" \/>\n\t<meta name=\"twitter:label2\" content=\"Est. reading time\" \/>\n\t<meta name=\"twitter:data2\" content=\"1 minute\" \/>\n<script type=\"application\/ld+json\" class=\"yoast-schema-graph\">{\"@context\":\"https:\/\/schema.org\",\"@graph\":[{\"@type\":\"Article\",\"@id\":\"https:\/\/www.lengadoc.eu\/2021\/03\/09\/compagnie-des-amandes\/#article\",\"isPartOf\":{\"@id\":\"https:\/\/www.lengadoc.eu\/2021\/03\/09\/compagnie-des-amandes\/\"},\"author\":{\"name\":\"R\u00e0dio Lengad\u00f2c\",\"@id\":\"https:\/\/www.lengadoc.eu\/#\/schema\/person\/ada8850603ae5533e65203193d829087\"},\"headline\":\"La compagnie des amandes d&rsquo;Arnaud Montebourg s&rsquo;implante au Somail\",\"datePublished\":\"2021-03-09T15:42:40+00:00\",\"dateModified\":\"2021-03-09T15:44:10+00:00\",\"mainEntityOfPage\":{\"@id\":\"https:\/\/www.lengadoc.eu\/2021\/03\/09\/compagnie-des-amandes\/\"},\"wordCount\":65,\"publisher\":{\"@id\":\"https:\/\/www.lengadoc.eu\/#organization\"},\"image\":{\"@id\":\"https:\/\/www.lengadoc.eu\/2021\/03\/09\/compagnie-des-amandes\/#primaryimage\"},\"thumbnailUrl\":\"https:\/\/www.lengadoc.eu\/wp-content\/uploads\/2021\/03\/210304-amandessomail.jpg\",\"articleSection\":[\"Actualitat\"],\"inLanguage\":\"oc\"},{\"@type\":\"WebPage\",\"@id\":\"https:\/\/www.lengadoc.eu\/2021\/03\/09\/compagnie-des-amandes\/\",\"url\":\"https:\/\/www.lengadoc.eu\/2021\/03\/09\/compagnie-des-amandes\/\",\"name\":\"La compagnie des amandes d'Arnaud Montebourg s'implante au Somail - Radio Lengadoc\",\"isPartOf\":{\"@id\":\"https:\/\/www.lengadoc.eu\/#website\"},\"primaryImageOfPage\":{\"@id\":\"https:\/\/www.lengadoc.eu\/2021\/03\/09\/compagnie-des-amandes\/#primaryimage\"},\"image\":{\"@id\":\"https:\/\/www.lengadoc.eu\/2021\/03\/09\/compagnie-des-amandes\/#primaryimage\"},\"thumbnailUrl\":\"https:\/\/www.lengadoc.eu\/wp-content\/uploads\/2021\/03\/210304-amandessomail.jpg\",\"datePublished\":\"2021-03-09T15:42:40+00:00\",\"dateModified\":\"2021-03-09T15:44:10+00:00\",\"description\":\"\u00c9coutez R\u00e0dio Lengad\u00f2c en ligne, retrouvez notre grille des programmes, vos chroniques pr\u00e9f\u00e9r\u00e9es, podcasts et plus encore sur lengadoc.eu.\",\"breadcrumb\":{\"@id\":\"https:\/\/www.lengadoc.eu\/2021\/03\/09\/compagnie-des-amandes\/#breadcrumb\"},\"inLanguage\":\"oc\",\"potentialAction\":[{\"@type\":\"ReadAction\",\"target\":[\"https:\/\/www.lengadoc.eu\/2021\/03\/09\/compagnie-des-amandes\/\"]}]},{\"@type\":\"ImageObject\",\"inLanguage\":\"oc\",\"@id\":\"https:\/\/www.lengadoc.eu\/2021\/03\/09\/compagnie-des-amandes\/#primaryimage\",\"url\":\"https:\/\/www.lengadoc.eu\/wp-content\/uploads\/2021\/03\/210304-amandessomail.jpg\",\"contentUrl\":\"https:\/\/www.lengadoc.eu\/wp-content\/uploads\/2021\/03\/210304-amandessomail.jpg\",\"width\":1920,\"height\":1080},{\"@type\":\"BreadcrumbList\",\"@id\":\"https:\/\/www.lengadoc.eu\/2021\/03\/09\/compagnie-des-amandes\/#breadcrumb\",\"itemListElement\":[{\"@type\":\"ListItem\",\"position\":1,\"name\":\"Home\",\"item\":\"https:\/\/www.lengadoc.eu\/\"},{\"@type\":\"ListItem\",\"position\":2,\"name\":\"La compagnie des amandes d&rsquo;Arnaud Montebourg s&rsquo;implante au Somail\"}]},{\"@type\":\"WebSite\",\"@id\":\"https:\/\/www.lengadoc.eu\/#website\",\"url\":\"https:\/\/www.lengadoc.eu\/\",\"name\":\"Radio Lengadoc\",\"description\":\"La Radio d&#039;Aqu\u00ec\",\"publisher\":{\"@id\":\"https:\/\/www.lengadoc.eu\/#organization\"},\"potentialAction\":[{\"@type\":\"SearchAction\",\"target\":{\"@type\":\"EntryPoint\",\"urlTemplate\":\"https:\/\/www.lengadoc.eu\/?s={search_term_string}\"},\"query-input\":{\"@type\":\"PropertyValueSpecification\",\"valueRequired\":true,\"valueName\":\"search_term_string\"}}],\"inLanguage\":\"oc\"},{\"@type\":\"Organization\",\"@id\":\"https:\/\/www.lengadoc.eu\/#organization\",\"name\":\"R\u00e0dio Lengad\u00f2c\",\"url\":\"https:\/\/www.lengadoc.eu\/\",\"logo\":{\"@type\":\"ImageObject\",\"inLanguage\":\"oc\",\"@id\":\"https:\/\/www.lengadoc.eu\/#\/schema\/logo\/image\/\",\"url\":\"https:\/\/www.lengadoc.eu\/wp-content\/uploads\/2021\/01\/logo-RLO.jpg\",\"contentUrl\":\"https:\/\/www.lengadoc.eu\/wp-content\/uploads\/2021\/01\/logo-RLO.jpg\",\"width\":1958,\"height\":509,\"caption\":\"R\u00e0dio Lengad\u00f2c\"},\"image\":{\"@id\":\"https:\/\/www.lengadoc.eu\/#\/schema\/logo\/image\/\"},\"sameAs\":[\"https:\/\/www.facebook.com\/radiolengadoc\",\"https:\/\/www.instagram.com\/radiolengadoc\"]},{\"@type\":\"Person\",\"@id\":\"https:\/\/www.lengadoc.eu\/#\/schema\/person\/ada8850603ae5533e65203193d829087\",\"name\":\"R\u00e0dio Lengad\u00f2c\",\"sameAs\":[\"http:\/\/www.lengadoc.eu\"]}]}<\/script>\n<!-- \/ Yoast SEO plugin. -->","yoast_head_json":{"title":"La compagnie des amandes d'Arnaud Montebourg s'implante au Somail - Radio Lengadoc","description":"\u00c9coutez R\u00e0dio Lengad\u00f2c en ligne, retrouvez notre grille des programmes, vos chroniques pr\u00e9f\u00e9r\u00e9es, podcasts et plus encore sur lengadoc.eu.","robots":{"index":"index","follow":"follow","max-snippet":"max-snippet:-1","max-image-preview":"max-image-preview:large","max-video-preview":"max-video-preview:-1"},"canonical":"https:\/\/www.lengadoc.eu\/oc\/2021\/03\/09\/compagnie-des-amandes\/","og_locale":"en_US","og_type":"article","og_title":"La compagnie des amandes d'Arnaud Montebourg s'implante au Somail - Radio Lengadoc","og_description":"\u00c9coutez R\u00e0dio Lengad\u00f2c en ligne, retrouvez notre grille des programmes, vos chroniques pr\u00e9f\u00e9r\u00e9es, podcasts et plus encore sur lengadoc.eu.","og_url":"https:\/\/www.lengadoc.eu\/oc\/2021\/03\/09\/compagnie-des-amandes\/","og_site_name":"Radio Lengadoc","article_publisher":"https:\/\/www.facebook.com\/radiolengadoc","article_published_time":"2021-03-09T15:42:40+00:00","article_modified_time":"2021-03-09T15:44:10+00:00","og_image":[{"width":1920,"height":1080,"url":"https:\/\/www.lengadoc.eu\/wp-content\/uploads\/2021\/03\/210304-amandessomail.jpg","type":"image\/jpeg"}],"author":"R\u00e0dio Lengad\u00f2c","twitter_card":"summary_large_image","twitter_misc":{"Written by":"R\u00e0dio Lengad\u00f2c","Est. reading time":"1 minute"},"schema":{"@context":"https:\/\/schema.org","@graph":[{"@type":"Article","@id":"https:\/\/www.lengadoc.eu\/2021\/03\/09\/compagnie-des-amandes\/#article","isPartOf":{"@id":"https:\/\/www.lengadoc.eu\/2021\/03\/09\/compagnie-des-amandes\/"},"author":{"name":"R\u00e0dio Lengad\u00f2c","@id":"https:\/\/www.lengadoc.eu\/#\/schema\/person\/ada8850603ae5533e65203193d829087"},"headline":"La compagnie des amandes d&rsquo;Arnaud Montebourg s&rsquo;implante au Somail","datePublished":"2021-03-09T15:42:40+00:00","dateModified":"2021-03-09T15:44:10+00:00","mainEntityOfPage":{"@id":"https:\/\/www.lengadoc.eu\/2021\/03\/09\/compagnie-des-amandes\/"},"wordCount":65,"publisher":{"@id":"https:\/\/www.lengadoc.eu\/#organization"},"image":{"@id":"https:\/\/www.lengadoc.eu\/2021\/03\/09\/compagnie-des-amandes\/#primaryimage"},"thumbnailUrl":"https:\/\/www.lengadoc.eu\/wp-content\/uploads\/2021\/03\/210304-amandessomail.jpg","articleSection":["Actualitat"],"inLanguage":"oc"},{"@type":"WebPage","@id":"https:\/\/www.lengadoc.eu\/2021\/03\/09\/compagnie-des-amandes\/","url":"https:\/\/www.lengadoc.eu\/2021\/03\/09\/compagnie-des-amandes\/","name":"La compagnie des amandes d'Arnaud Montebourg s'implante au Somail - Radio Lengadoc","isPartOf":{"@id":"https:\/\/www.lengadoc.eu\/#website"},"primaryImageOfPage":{"@id":"https:\/\/www.lengadoc.eu\/2021\/03\/09\/compagnie-des-amandes\/#primaryimage"},"image":{"@id":"https:\/\/www.lengadoc.eu\/2021\/03\/09\/compagnie-des-amandes\/#primaryimage"},"thumbnailUrl":"https:\/\/www.lengadoc.eu\/wp-content\/uploads\/2021\/03\/210304-amandessomail.jpg","datePublished":"2021-03-09T15:42:40+00:00","dateModified":"2021-03-09T15:44:10+00:00","description":"\u00c9coutez R\u00e0dio Lengad\u00f2c en ligne, retrouvez notre grille des programmes, vos chroniques pr\u00e9f\u00e9r\u00e9es, podcasts et plus encore sur lengadoc.eu.","breadcrumb":{"@id":"https:\/\/www.lengadoc.eu\/2021\/03\/09\/compagnie-des-amandes\/#breadcrumb"},"inLanguage":"oc","potentialAction":[{"@type":"ReadAction","target":["https:\/\/www.lengadoc.eu\/2021\/03\/09\/compagnie-des-amandes\/"]}]},{"@type":"ImageObject","inLanguage":"oc","@id":"https:\/\/www.lengadoc.eu\/2021\/03\/09\/compagnie-des-amandes\/#primaryimage","url":"https:\/\/www.lengadoc.eu\/wp-content\/uploads\/2021\/03\/210304-amandessomail.jpg","contentUrl":"https:\/\/www.lengadoc.eu\/wp-content\/uploads\/2021\/03\/210304-amandessomail.jpg","width":1920,"height":1080},{"@type":"BreadcrumbList","@id":"https:\/\/www.lengadoc.eu\/2021\/03\/09\/compagnie-des-amandes\/#breadcrumb","itemListElement":[{"@type":"ListItem","position":1,"name":"Home","item":"https:\/\/www.lengadoc.eu\/"},{"@type":"ListItem","position":2,"name":"La compagnie des amandes d&rsquo;Arnaud Montebourg s&rsquo;implante au Somail"}]},{"@type":"WebSite","@id":"https:\/\/www.lengadoc.eu\/#website","url":"https:\/\/www.lengadoc.eu\/","name":"Radio Lengadoc","description":"La Radio d&#039;Aqu\u00ec","publisher":{"@id":"https:\/\/www.lengadoc.eu\/#organization"},"potentialAction":[{"@type":"SearchAction","target":{"@type":"EntryPoint","urlTemplate":"https:\/\/www.lengadoc.eu\/?s={search_term_string}"},"query-input":{"@type":"PropertyValueSpecification","valueRequired":true,"valueName":"search_term_string"}}],"inLanguage":"oc"},{"@type":"Organization","@id":"https:\/\/www.lengadoc.eu\/#organization","name":"R\u00e0dio Lengad\u00f2c","url":"https:\/\/www.lengadoc.eu\/","logo":{"@type":"ImageObject","inLanguage":"oc","@id":"https:\/\/www.lengadoc.eu\/#\/schema\/logo\/image\/","url":"https:\/\/www.lengadoc.eu\/wp-content\/uploads\/2021\/01\/logo-RLO.jpg","contentUrl":"https:\/\/www.lengadoc.eu\/wp-content\/uploads\/2021\/01\/logo-RLO.jpg","width":1958,"height":509,"caption":"R\u00e0dio Lengad\u00f2c"},"image":{"@id":"https:\/\/www.lengadoc.eu\/#\/schema\/logo\/image\/"},"sameAs":["https:\/\/www.facebook.com\/radiolengadoc","https:\/\/www.instagram.com\/radiolengadoc"]},{"@type":"Person","@id":"https:\/\/www.lengadoc.eu\/#\/schema\/person\/ada8850603ae5533e65203193d829087","name":"R\u00e0dio Lengad\u00f2c","sameAs":["http:\/\/www.lengadoc.eu"]}]}},"_links":{"self":[{"href":"https:\/\/www.lengadoc.eu\/oc\/wp-json\/wp\/v2\/posts\/5132","targetHints":{"allow":["GET"]}}],"collection":[{"href":"https:\/\/www.lengadoc.eu\/oc\/wp-json\/wp\/v2\/posts"}],"about":[{"href":"https:\/\/www.lengadoc.eu\/oc\/wp-json\/wp\/v2\/types\/post"}],"author":[{"embeddable":true,"href":"https:\/\/www.lengadoc.eu\/oc\/wp-json\/wp\/v2\/users\/1"}],"replies":[{"embeddable":true,"href":"https:\/\/www.lengadoc.eu\/oc\/wp-json\/wp\/v2\/comments?post=5132"}],"version-history":[{"count":0,"href":"https:\/\/www.lengadoc.eu\/oc\/wp-json\/wp\/v2\/posts\/5132\/revisions"}],"wp:featuredmedia":[{"embeddable":true,"href":"https:\/\/www.lengadoc.eu\/oc\/wp-json\/wp\/v2\/media\/5133"}],"wp:attachment":[{"href":"https:\/\/www.lengadoc.eu\/oc\/wp-json\/wp\/v2\/media?parent=5132"}],"wp:term":[{"taxonomy":"category","embeddable":true,"href":"https:\/\/www.lengadoc.eu\/oc\/wp-json\/wp\/v2\/categories?post=5132"},{"taxonomy":"post_tag","embeddable":true,"href":"https:\/\/www.lengadoc.eu\/oc\/wp-json\/wp\/v2\/tags?post=5132"}],"curies":[{"name":"wp","href":"https:\/\/api.w.org\/{rel}","templated":true}]}}