{"id":5080,"date":"2021-02-19T14:25:32","date_gmt":"2021-02-19T13:25:32","guid":{"rendered":"https:\/\/www.lengadoc.eu\/?p=5080"},"modified":"2021-02-25T11:14:04","modified_gmt":"2021-02-25T10:14:04","slug":"roge-mal-coiffee","status":"publish","type":"post","link":"https:\/\/www.lengadoc.eu\/oc\/2021\/02\/19\/roge-mal-coiffee\/","title":{"rendered":"\u00ab\u00a0Roge\u00a0\u00bb, pr\u00e9sentation du futur spectacle du groupe La Mal-Coiff\u00e9e"},"content":{"rendered":"<p><iframe loading=\"lazy\" title=\"&quot;Roge&quot;, pr\u00e9sentation du futur spectacle du groupe La Mal-Coiff\u00e9e\" width=\"1170\" height=\"658\" src=\"https:\/\/www.youtube.com\/embed\/2gYhHs7w6hM?feature=oembed\" frameborder=\"0\" allow=\"accelerometer; autoplay; clipboard-write; encrypted-media; gyroscope; picture-in-picture\" allowfullscreen><\/iframe><\/p>\n<p>Elles sont quatre, elles aiment l&rsquo;occitan, les traditions et l&rsquo;histoire, et elles nous pr\u00e9sentent une partie de leur futur spectacle \u00abRoge\u00bb au Th\u00e9\u00e2tre + Cin\u00e9ma &#8211; sc\u00e8ne nationale Grand Narbonne ! C&rsquo;est La Mal Coiff\u00e9e ! De mancar pas !<\/p>\n<p>&nbsp;<\/p>\n<p><em>Un reportage de Nicolas Laffont et Naouel Bounoua pour R\u00e0dio Lengad\u00f2c et Ma WebTV Narbonne.<\/em><\/p>","protected":false},"excerpt":{"rendered":"<p>Elles sont quatre, elles aiment l&rsquo;occitan, les traditions et l&rsquo;histoire, et elles nous pr\u00e9sentent une partie de leur futur spectacle \u00abRoge\u00bb au Th\u00e9\u00e2tre + Cin\u00e9ma &#8211; sc\u00e8ne nationale Grand Narbonne ! C&rsquo;est La Mal Coiff\u00e9e ! De mancar pas ! &nbsp; Un reportage de Nicolas Laffont et Naouel Bounoua pour R\u00e0dio Lengad\u00f2c et Ma WebTV [&hellip;]<\/p>","protected":false},"author":1,"featured_media":5081,"comment_status":"closed","ping_status":"closed","sticky":false,"template":"","format":"video","meta":{"_monsterinsights_skip_tracking":false,"_monsterinsights_sitenote_active":false,"_monsterinsights_sitenote_note":"","_monsterinsights_sitenote_category":0,"_uf_show_specific_survey":0,"_uf_disable_surveys":false,"footnotes":""},"categories":[10],"tags":[],"class_list":["post-5080","post","type-post","status-publish","format-video","has-post-thumbnail","hentry","category-videos","post_format-post-format-video"],"yoast_head":"<!-- This site is optimized with the Yoast SEO plugin v24.8.1 - https:\/\/yoast.com\/wordpress\/plugins\/seo\/ -->\n<title>&quot;Roge&quot;, pr\u00e9sentation du futur spectacle du groupe La Mal-Coiff\u00e9e - Radio Lengadoc<\/title>\n<meta name=\"description\" content=\"\u00c9coutez R\u00e0dio Lengad\u00f2c en ligne, retrouvez notre grille des programmes, vos chroniques pr\u00e9f\u00e9r\u00e9es, podcasts et plus encore sur lengadoc.eu.\" \/>\n<meta name=\"robots\" content=\"index, follow, max-snippet:-1, max-image-preview:large, max-video-preview:-1\" \/>\n<link rel=\"canonical\" href=\"https:\/\/www.lengadoc.eu\/oc\/2021\/02\/19\/roge-mal-coiffee\/\" \/>\n<meta property=\"og:locale\" content=\"en_US\" \/>\n<meta property=\"og:type\" content=\"article\" \/>\n<meta property=\"og:title\" content=\"&quot;Roge&quot;, pr\u00e9sentation du futur spectacle du groupe La Mal-Coiff\u00e9e - Radio Lengadoc\" \/>\n<meta property=\"og:description\" content=\"\u00c9coutez R\u00e0dio Lengad\u00f2c en ligne, retrouvez notre grille des programmes, vos chroniques pr\u00e9f\u00e9r\u00e9es, podcasts et plus encore sur lengadoc.eu.\" \/>\n<meta property=\"og:url\" content=\"https:\/\/www.lengadoc.eu\/oc\/2021\/02\/19\/roge-mal-coiffee\/\" \/>\n<meta property=\"og:site_name\" content=\"Radio Lengadoc\" \/>\n<meta property=\"article:publisher\" content=\"https:\/\/www.facebook.com\/radiolengadoc\" \/>\n<meta property=\"article:published_time\" content=\"2021-02-19T13:25:32+00:00\" \/>\n<meta property=\"article:modified_time\" content=\"2021-02-25T10:14:04+00:00\" \/>\n<meta property=\"og:image\" content=\"https:\/\/www.lengadoc.eu\/wp-content\/uploads\/2021\/02\/IMG_4860-scaled.jpg\" \/>\n\t<meta property=\"og:image:width\" content=\"2560\" \/>\n\t<meta property=\"og:image:height\" content=\"1707\" \/>\n\t<meta property=\"og:image:type\" content=\"image\/jpeg\" \/>\n<meta name=\"author\" content=\"R\u00e0dio Lengad\u00f2c\" \/>\n<meta name=\"twitter:card\" content=\"summary_large_image\" \/>\n<meta name=\"twitter:label1\" content=\"Written by\" \/>\n\t<meta name=\"twitter:data1\" content=\"R\u00e0dio Lengad\u00f2c\" \/>\n\t<meta name=\"twitter:label2\" content=\"Est. reading time\" \/>\n\t<meta name=\"twitter:data2\" content=\"1 minute\" \/>\n<script type=\"application\/ld+json\" class=\"yoast-schema-graph\">{\"@context\":\"https:\/\/schema.org\",\"@graph\":[{\"@type\":\"Article\",\"@id\":\"https:\/\/www.lengadoc.eu\/2021\/02\/19\/roge-mal-coiffee\/#article\",\"isPartOf\":{\"@id\":\"https:\/\/www.lengadoc.eu\/2021\/02\/19\/roge-mal-coiffee\/\"},\"author\":{\"name\":\"R\u00e0dio Lengad\u00f2c\",\"@id\":\"https:\/\/www.lengadoc.eu\/#\/schema\/person\/ada8850603ae5533e65203193d829087\"},\"headline\":\"\u00ab\u00a0Roge\u00a0\u00bb, pr\u00e9sentation du futur spectacle du groupe La Mal-Coiff\u00e9e\",\"datePublished\":\"2021-02-19T13:25:32+00:00\",\"dateModified\":\"2021-02-25T10:14:04+00:00\",\"mainEntityOfPage\":{\"@id\":\"https:\/\/www.lengadoc.eu\/2021\/02\/19\/roge-mal-coiffee\/\"},\"wordCount\":78,\"publisher\":{\"@id\":\"https:\/\/www.lengadoc.eu\/#organization\"},\"image\":{\"@id\":\"https:\/\/www.lengadoc.eu\/2021\/02\/19\/roge-mal-coiffee\/#primaryimage\"},\"thumbnailUrl\":\"https:\/\/www.lengadoc.eu\/wp-content\/uploads\/2021\/02\/IMG_4860-scaled.jpg\",\"articleSection\":[\"Actualitat\"],\"inLanguage\":\"oc\"},{\"@type\":\"WebPage\",\"@id\":\"https:\/\/www.lengadoc.eu\/2021\/02\/19\/roge-mal-coiffee\/\",\"url\":\"https:\/\/www.lengadoc.eu\/2021\/02\/19\/roge-mal-coiffee\/\",\"name\":\"\\\"Roge\\\", pr\u00e9sentation du futur spectacle du groupe La Mal-Coiff\u00e9e - Radio Lengadoc\",\"isPartOf\":{\"@id\":\"https:\/\/www.lengadoc.eu\/#website\"},\"primaryImageOfPage\":{\"@id\":\"https:\/\/www.lengadoc.eu\/2021\/02\/19\/roge-mal-coiffee\/#primaryimage\"},\"image\":{\"@id\":\"https:\/\/www.lengadoc.eu\/2021\/02\/19\/roge-mal-coiffee\/#primaryimage\"},\"thumbnailUrl\":\"https:\/\/www.lengadoc.eu\/wp-content\/uploads\/2021\/02\/IMG_4860-scaled.jpg\",\"datePublished\":\"2021-02-19T13:25:32+00:00\",\"dateModified\":\"2021-02-25T10:14:04+00:00\",\"description\":\"\u00c9coutez R\u00e0dio Lengad\u00f2c en ligne, retrouvez notre grille des programmes, vos chroniques pr\u00e9f\u00e9r\u00e9es, podcasts et plus encore sur lengadoc.eu.\",\"breadcrumb\":{\"@id\":\"https:\/\/www.lengadoc.eu\/2021\/02\/19\/roge-mal-coiffee\/#breadcrumb\"},\"inLanguage\":\"oc\",\"potentialAction\":[{\"@type\":\"ReadAction\",\"target\":[\"https:\/\/www.lengadoc.eu\/2021\/02\/19\/roge-mal-coiffee\/\"]}]},{\"@type\":\"ImageObject\",\"inLanguage\":\"oc\",\"@id\":\"https:\/\/www.lengadoc.eu\/2021\/02\/19\/roge-mal-coiffee\/#primaryimage\",\"url\":\"https:\/\/www.lengadoc.eu\/wp-content\/uploads\/2021\/02\/IMG_4860-scaled.jpg\",\"contentUrl\":\"https:\/\/www.lengadoc.eu\/wp-content\/uploads\/2021\/02\/IMG_4860-scaled.jpg\",\"width\":2560,\"height\":1707},{\"@type\":\"BreadcrumbList\",\"@id\":\"https:\/\/www.lengadoc.eu\/2021\/02\/19\/roge-mal-coiffee\/#breadcrumb\",\"itemListElement\":[{\"@type\":\"ListItem\",\"position\":1,\"name\":\"Home\",\"item\":\"https:\/\/www.lengadoc.eu\/\"},{\"@type\":\"ListItem\",\"position\":2,\"name\":\"\u00ab\u00a0Roge\u00a0\u00bb, pr\u00e9sentation du futur spectacle du groupe La Mal-Coiff\u00e9e\"}]},{\"@type\":\"WebSite\",\"@id\":\"https:\/\/www.lengadoc.eu\/#website\",\"url\":\"https:\/\/www.lengadoc.eu\/\",\"name\":\"Radio Lengadoc\",\"description\":\"La Radio d&#039;Aqu\u00ec\",\"publisher\":{\"@id\":\"https:\/\/www.lengadoc.eu\/#organization\"},\"potentialAction\":[{\"@type\":\"SearchAction\",\"target\":{\"@type\":\"EntryPoint\",\"urlTemplate\":\"https:\/\/www.lengadoc.eu\/?s={search_term_string}\"},\"query-input\":{\"@type\":\"PropertyValueSpecification\",\"valueRequired\":true,\"valueName\":\"search_term_string\"}}],\"inLanguage\":\"oc\"},{\"@type\":\"Organization\",\"@id\":\"https:\/\/www.lengadoc.eu\/#organization\",\"name\":\"R\u00e0dio Lengad\u00f2c\",\"url\":\"https:\/\/www.lengadoc.eu\/\",\"logo\":{\"@type\":\"ImageObject\",\"inLanguage\":\"oc\",\"@id\":\"https:\/\/www.lengadoc.eu\/#\/schema\/logo\/image\/\",\"url\":\"https:\/\/www.lengadoc.eu\/wp-content\/uploads\/2021\/01\/logo-RLO.jpg\",\"contentUrl\":\"https:\/\/www.lengadoc.eu\/wp-content\/uploads\/2021\/01\/logo-RLO.jpg\",\"width\":1958,\"height\":509,\"caption\":\"R\u00e0dio Lengad\u00f2c\"},\"image\":{\"@id\":\"https:\/\/www.lengadoc.eu\/#\/schema\/logo\/image\/\"},\"sameAs\":[\"https:\/\/www.facebook.com\/radiolengadoc\",\"https:\/\/www.instagram.com\/radiolengadoc\"]},{\"@type\":\"Person\",\"@id\":\"https:\/\/www.lengadoc.eu\/#\/schema\/person\/ada8850603ae5533e65203193d829087\",\"name\":\"R\u00e0dio Lengad\u00f2c\",\"sameAs\":[\"http:\/\/www.lengadoc.eu\"]}]}<\/script>\n<!-- \/ Yoast SEO plugin. -->","yoast_head_json":{"title":"\"Roge\", pr\u00e9sentation du futur spectacle du groupe La Mal-Coiff\u00e9e - Radio Lengadoc","description":"\u00c9coutez R\u00e0dio Lengad\u00f2c en ligne, retrouvez notre grille des programmes, vos chroniques pr\u00e9f\u00e9r\u00e9es, podcasts et plus encore sur lengadoc.eu.","robots":{"index":"index","follow":"follow","max-snippet":"max-snippet:-1","max-image-preview":"max-image-preview:large","max-video-preview":"max-video-preview:-1"},"canonical":"https:\/\/www.lengadoc.eu\/oc\/2021\/02\/19\/roge-mal-coiffee\/","og_locale":"en_US","og_type":"article","og_title":"\"Roge\", pr\u00e9sentation du futur spectacle du groupe La Mal-Coiff\u00e9e - Radio Lengadoc","og_description":"\u00c9coutez R\u00e0dio Lengad\u00f2c en ligne, retrouvez notre grille des programmes, vos chroniques pr\u00e9f\u00e9r\u00e9es, podcasts et plus encore sur lengadoc.eu.","og_url":"https:\/\/www.lengadoc.eu\/oc\/2021\/02\/19\/roge-mal-coiffee\/","og_site_name":"Radio Lengadoc","article_publisher":"https:\/\/www.facebook.com\/radiolengadoc","article_published_time":"2021-02-19T13:25:32+00:00","article_modified_time":"2021-02-25T10:14:04+00:00","og_image":[{"width":2560,"height":1707,"url":"https:\/\/www.lengadoc.eu\/wp-content\/uploads\/2021\/02\/IMG_4860-scaled.jpg","type":"image\/jpeg"}],"author":"R\u00e0dio Lengad\u00f2c","twitter_card":"summary_large_image","twitter_misc":{"Written by":"R\u00e0dio Lengad\u00f2c","Est. reading time":"1 minute"},"schema":{"@context":"https:\/\/schema.org","@graph":[{"@type":"Article","@id":"https:\/\/www.lengadoc.eu\/2021\/02\/19\/roge-mal-coiffee\/#article","isPartOf":{"@id":"https:\/\/www.lengadoc.eu\/2021\/02\/19\/roge-mal-coiffee\/"},"author":{"name":"R\u00e0dio Lengad\u00f2c","@id":"https:\/\/www.lengadoc.eu\/#\/schema\/person\/ada8850603ae5533e65203193d829087"},"headline":"\u00ab\u00a0Roge\u00a0\u00bb, pr\u00e9sentation du futur spectacle du groupe La Mal-Coiff\u00e9e","datePublished":"2021-02-19T13:25:32+00:00","dateModified":"2021-02-25T10:14:04+00:00","mainEntityOfPage":{"@id":"https:\/\/www.lengadoc.eu\/2021\/02\/19\/roge-mal-coiffee\/"},"wordCount":78,"publisher":{"@id":"https:\/\/www.lengadoc.eu\/#organization"},"image":{"@id":"https:\/\/www.lengadoc.eu\/2021\/02\/19\/roge-mal-coiffee\/#primaryimage"},"thumbnailUrl":"https:\/\/www.lengadoc.eu\/wp-content\/uploads\/2021\/02\/IMG_4860-scaled.jpg","articleSection":["Actualitat"],"inLanguage":"oc"},{"@type":"WebPage","@id":"https:\/\/www.lengadoc.eu\/2021\/02\/19\/roge-mal-coiffee\/","url":"https:\/\/www.lengadoc.eu\/2021\/02\/19\/roge-mal-coiffee\/","name":"\"Roge\", pr\u00e9sentation du futur spectacle du groupe La Mal-Coiff\u00e9e - Radio Lengadoc","isPartOf":{"@id":"https:\/\/www.lengadoc.eu\/#website"},"primaryImageOfPage":{"@id":"https:\/\/www.lengadoc.eu\/2021\/02\/19\/roge-mal-coiffee\/#primaryimage"},"image":{"@id":"https:\/\/www.lengadoc.eu\/2021\/02\/19\/roge-mal-coiffee\/#primaryimage"},"thumbnailUrl":"https:\/\/www.lengadoc.eu\/wp-content\/uploads\/2021\/02\/IMG_4860-scaled.jpg","datePublished":"2021-02-19T13:25:32+00:00","dateModified":"2021-02-25T10:14:04+00:00","description":"\u00c9coutez R\u00e0dio Lengad\u00f2c en ligne, retrouvez notre grille des programmes, vos chroniques pr\u00e9f\u00e9r\u00e9es, podcasts et plus encore sur lengadoc.eu.","breadcrumb":{"@id":"https:\/\/www.lengadoc.eu\/2021\/02\/19\/roge-mal-coiffee\/#breadcrumb"},"inLanguage":"oc","potentialAction":[{"@type":"ReadAction","target":["https:\/\/www.lengadoc.eu\/2021\/02\/19\/roge-mal-coiffee\/"]}]},{"@type":"ImageObject","inLanguage":"oc","@id":"https:\/\/www.lengadoc.eu\/2021\/02\/19\/roge-mal-coiffee\/#primaryimage","url":"https:\/\/www.lengadoc.eu\/wp-content\/uploads\/2021\/02\/IMG_4860-scaled.jpg","contentUrl":"https:\/\/www.lengadoc.eu\/wp-content\/uploads\/2021\/02\/IMG_4860-scaled.jpg","width":2560,"height":1707},{"@type":"BreadcrumbList","@id":"https:\/\/www.lengadoc.eu\/2021\/02\/19\/roge-mal-coiffee\/#breadcrumb","itemListElement":[{"@type":"ListItem","position":1,"name":"Home","item":"https:\/\/www.lengadoc.eu\/"},{"@type":"ListItem","position":2,"name":"\u00ab\u00a0Roge\u00a0\u00bb, pr\u00e9sentation du futur spectacle du groupe La Mal-Coiff\u00e9e"}]},{"@type":"WebSite","@id":"https:\/\/www.lengadoc.eu\/#website","url":"https:\/\/www.lengadoc.eu\/","name":"Radio Lengadoc","description":"La Radio d&#039;Aqu\u00ec","publisher":{"@id":"https:\/\/www.lengadoc.eu\/#organization"},"potentialAction":[{"@type":"SearchAction","target":{"@type":"EntryPoint","urlTemplate":"https:\/\/www.lengadoc.eu\/?s={search_term_string}"},"query-input":{"@type":"PropertyValueSpecification","valueRequired":true,"valueName":"search_term_string"}}],"inLanguage":"oc"},{"@type":"Organization","@id":"https:\/\/www.lengadoc.eu\/#organization","name":"R\u00e0dio Lengad\u00f2c","url":"https:\/\/www.lengadoc.eu\/","logo":{"@type":"ImageObject","inLanguage":"oc","@id":"https:\/\/www.lengadoc.eu\/#\/schema\/logo\/image\/","url":"https:\/\/www.lengadoc.eu\/wp-content\/uploads\/2021\/01\/logo-RLO.jpg","contentUrl":"https:\/\/www.lengadoc.eu\/wp-content\/uploads\/2021\/01\/logo-RLO.jpg","width":1958,"height":509,"caption":"R\u00e0dio Lengad\u00f2c"},"image":{"@id":"https:\/\/www.lengadoc.eu\/#\/schema\/logo\/image\/"},"sameAs":["https:\/\/www.facebook.com\/radiolengadoc","https:\/\/www.instagram.com\/radiolengadoc"]},{"@type":"Person","@id":"https:\/\/www.lengadoc.eu\/#\/schema\/person\/ada8850603ae5533e65203193d829087","name":"R\u00e0dio Lengad\u00f2c","sameAs":["http:\/\/www.lengadoc.eu"]}]}},"_links":{"self":[{"href":"https:\/\/www.lengadoc.eu\/oc\/wp-json\/wp\/v2\/posts\/5080","targetHints":{"allow":["GET"]}}],"collection":[{"href":"https:\/\/www.lengadoc.eu\/oc\/wp-json\/wp\/v2\/posts"}],"about":[{"href":"https:\/\/www.lengadoc.eu\/oc\/wp-json\/wp\/v2\/types\/post"}],"author":[{"embeddable":true,"href":"https:\/\/www.lengadoc.eu\/oc\/wp-json\/wp\/v2\/users\/1"}],"replies":[{"embeddable":true,"href":"https:\/\/www.lengadoc.eu\/oc\/wp-json\/wp\/v2\/comments?post=5080"}],"version-history":[{"count":0,"href":"https:\/\/www.lengadoc.eu\/oc\/wp-json\/wp\/v2\/posts\/5080\/revisions"}],"wp:featuredmedia":[{"embeddable":true,"href":"https:\/\/www.lengadoc.eu\/oc\/wp-json\/wp\/v2\/media\/5081"}],"wp:attachment":[{"href":"https:\/\/www.lengadoc.eu\/oc\/wp-json\/wp\/v2\/media?parent=5080"}],"wp:term":[{"taxonomy":"category","embeddable":true,"href":"https:\/\/www.lengadoc.eu\/oc\/wp-json\/wp\/v2\/categories?post=5080"},{"taxonomy":"post_tag","embeddable":true,"href":"https:\/\/www.lengadoc.eu\/oc\/wp-json\/wp\/v2\/tags?post=5080"}],"curies":[{"name":"wp","href":"https:\/\/api.w.org\/{rel}","templated":true}]}}