{"id":4965,"date":"2021-02-13T10:44:40","date_gmt":"2021-02-13T10:44:40","guid":{"rendered":"https:\/\/www.lengadoc.eu\/?p=4965"},"modified":"2021-02-17T10:17:18","modified_gmt":"2021-02-17T09:17:18","slug":"marche-truffe-narbonne","status":"publish","type":"post","link":"https:\/\/www.lengadoc.eu\/oc\/2021\/02\/13\/marche-truffe-narbonne\/","title":{"rendered":"Un march\u00e9 de la truffe couru \u00e0 Narbonne"},"content":{"rendered":"<p><iframe loading=\"lazy\" title=\"Un march\u00e9 de la truffe couru \u00e0 Narbonne\" width=\"1170\" height=\"658\" src=\"https:\/\/www.youtube.com\/embed\/XXfhjawMreY?feature=oembed\" frameborder=\"0\" allow=\"accelerometer; autoplay; clipboard-write; encrypted-media; gyroscope; picture-in-picture\" allowfullscreen><\/iframe><\/p>\n<p>Les Narbonnais(es) n&rsquo;ont pas manqu\u00e9 de nez en se rendant nombreux au traditionnel march\u00e9 de la truffe du centre-ville. Une dizaine de trufficulteurs audois s&rsquo;\u00e9taient en effet donn\u00e9s rendez-vous pour proposer cette petite p\u00e9pite noire.<\/p>\n<p>&nbsp;<\/p>\n<p><em>Un reportage de Nicolas Laffont pour Ma WebTV Narbonne.<\/em><\/p>","protected":false},"excerpt":{"rendered":"<p>Les Narbonnais(es) n&rsquo;ont pas manqu\u00e9 de nez en se rendant nombreux au traditionnel march\u00e9 de la truffe du centre-ville. Une dizaine de trufficulteurs audois s&rsquo;\u00e9taient en effet donn\u00e9s rendez-vous pour proposer cette petite p\u00e9pite noire. &nbsp; Un reportage de Nicolas Laffont pour Ma WebTV Narbonne.<\/p>","protected":false},"author":1,"featured_media":4968,"comment_status":"closed","ping_status":"closed","sticky":false,"template":"","format":"video","meta":{"_monsterinsights_skip_tracking":false,"_monsterinsights_sitenote_active":false,"_monsterinsights_sitenote_note":"","_monsterinsights_sitenote_category":0,"_uf_show_specific_survey":0,"_uf_disable_surveys":false,"footnotes":""},"categories":[10],"tags":[],"class_list":["post-4965","post","type-post","status-publish","format-video","has-post-thumbnail","hentry","category-videos","post_format-post-format-video"],"yoast_head":"<!-- This site is optimized with the Yoast SEO plugin v24.8.1 - https:\/\/yoast.com\/wordpress\/plugins\/seo\/ -->\n<title>Un march\u00e9 de la truffe couru \u00e0 Narbonne - Radio Lengadoc<\/title>\n<meta name=\"description\" content=\"\u00c9coutez R\u00e0dio Lengad\u00f2c en ligne, retrouvez notre grille des programmes, vos chroniques pr\u00e9f\u00e9r\u00e9es, podcasts et plus encore sur lengadoc.eu.\" \/>\n<meta name=\"robots\" content=\"index, follow, max-snippet:-1, max-image-preview:large, max-video-preview:-1\" \/>\n<link rel=\"canonical\" href=\"https:\/\/www.lengadoc.eu\/oc\/2021\/02\/13\/marche-truffe-narbonne\/\" \/>\n<meta property=\"og:locale\" content=\"en_US\" \/>\n<meta property=\"og:type\" content=\"article\" \/>\n<meta property=\"og:title\" content=\"Un march\u00e9 de la truffe couru \u00e0 Narbonne - Radio Lengadoc\" \/>\n<meta property=\"og:description\" content=\"\u00c9coutez R\u00e0dio Lengad\u00f2c en ligne, retrouvez notre grille des programmes, vos chroniques pr\u00e9f\u00e9r\u00e9es, podcasts et plus encore sur lengadoc.eu.\" \/>\n<meta property=\"og:url\" content=\"https:\/\/www.lengadoc.eu\/oc\/2021\/02\/13\/marche-truffe-narbonne\/\" \/>\n<meta property=\"og:site_name\" content=\"Radio Lengadoc\" \/>\n<meta property=\"article:publisher\" content=\"https:\/\/www.facebook.com\/radiolengadoc\" \/>\n<meta property=\"article:published_time\" content=\"2021-02-13T10:44:40+00:00\" \/>\n<meta property=\"article:modified_time\" content=\"2021-02-17T09:17:18+00:00\" \/>\n<meta property=\"og:image\" content=\"https:\/\/www.lengadoc.eu\/wp-content\/uploads\/2021\/02\/200213-truffes.jpg\" \/>\n\t<meta property=\"og:image:width\" content=\"1920\" \/>\n\t<meta property=\"og:image:height\" content=\"1080\" \/>\n\t<meta property=\"og:image:type\" content=\"image\/jpeg\" \/>\n<meta name=\"author\" content=\"R\u00e0dio Lengad\u00f2c\" \/>\n<meta name=\"twitter:card\" content=\"summary_large_image\" \/>\n<meta name=\"twitter:label1\" content=\"Written by\" \/>\n\t<meta name=\"twitter:data1\" content=\"R\u00e0dio Lengad\u00f2c\" \/>\n<script type=\"application\/ld+json\" class=\"yoast-schema-graph\">{\"@context\":\"https:\/\/schema.org\",\"@graph\":[{\"@type\":\"Article\",\"@id\":\"https:\/\/www.lengadoc.eu\/2021\/02\/13\/marche-truffe-narbonne\/#article\",\"isPartOf\":{\"@id\":\"https:\/\/www.lengadoc.eu\/2021\/02\/13\/marche-truffe-narbonne\/\"},\"author\":{\"name\":\"R\u00e0dio Lengad\u00f2c\",\"@id\":\"https:\/\/www.lengadoc.eu\/#\/schema\/person\/ada8850603ae5533e65203193d829087\"},\"headline\":\"Un march\u00e9 de la truffe couru \u00e0 Narbonne\",\"datePublished\":\"2021-02-13T10:44:40+00:00\",\"dateModified\":\"2021-02-17T09:17:18+00:00\",\"mainEntityOfPage\":{\"@id\":\"https:\/\/www.lengadoc.eu\/2021\/02\/13\/marche-truffe-narbonne\/\"},\"wordCount\":62,\"publisher\":{\"@id\":\"https:\/\/www.lengadoc.eu\/#organization\"},\"image\":{\"@id\":\"https:\/\/www.lengadoc.eu\/2021\/02\/13\/marche-truffe-narbonne\/#primaryimage\"},\"thumbnailUrl\":\"https:\/\/www.lengadoc.eu\/wp-content\/uploads\/2021\/02\/200213-truffes.jpg\",\"articleSection\":[\"Actualitat\"],\"inLanguage\":\"oc\"},{\"@type\":\"WebPage\",\"@id\":\"https:\/\/www.lengadoc.eu\/2021\/02\/13\/marche-truffe-narbonne\/\",\"url\":\"https:\/\/www.lengadoc.eu\/2021\/02\/13\/marche-truffe-narbonne\/\",\"name\":\"Un march\u00e9 de la truffe couru \u00e0 Narbonne - Radio Lengadoc\",\"isPartOf\":{\"@id\":\"https:\/\/www.lengadoc.eu\/#website\"},\"primaryImageOfPage\":{\"@id\":\"https:\/\/www.lengadoc.eu\/2021\/02\/13\/marche-truffe-narbonne\/#primaryimage\"},\"image\":{\"@id\":\"https:\/\/www.lengadoc.eu\/2021\/02\/13\/marche-truffe-narbonne\/#primaryimage\"},\"thumbnailUrl\":\"https:\/\/www.lengadoc.eu\/wp-content\/uploads\/2021\/02\/200213-truffes.jpg\",\"datePublished\":\"2021-02-13T10:44:40+00:00\",\"dateModified\":\"2021-02-17T09:17:18+00:00\",\"description\":\"\u00c9coutez R\u00e0dio Lengad\u00f2c en ligne, retrouvez notre grille des programmes, vos chroniques pr\u00e9f\u00e9r\u00e9es, podcasts et plus encore sur lengadoc.eu.\",\"breadcrumb\":{\"@id\":\"https:\/\/www.lengadoc.eu\/2021\/02\/13\/marche-truffe-narbonne\/#breadcrumb\"},\"inLanguage\":\"oc\",\"potentialAction\":[{\"@type\":\"ReadAction\",\"target\":[\"https:\/\/www.lengadoc.eu\/2021\/02\/13\/marche-truffe-narbonne\/\"]}]},{\"@type\":\"ImageObject\",\"inLanguage\":\"oc\",\"@id\":\"https:\/\/www.lengadoc.eu\/2021\/02\/13\/marche-truffe-narbonne\/#primaryimage\",\"url\":\"https:\/\/www.lengadoc.eu\/wp-content\/uploads\/2021\/02\/200213-truffes.jpg\",\"contentUrl\":\"https:\/\/www.lengadoc.eu\/wp-content\/uploads\/2021\/02\/200213-truffes.jpg\",\"width\":1920,\"height\":1080},{\"@type\":\"BreadcrumbList\",\"@id\":\"https:\/\/www.lengadoc.eu\/2021\/02\/13\/marche-truffe-narbonne\/#breadcrumb\",\"itemListElement\":[{\"@type\":\"ListItem\",\"position\":1,\"name\":\"Home\",\"item\":\"https:\/\/www.lengadoc.eu\/\"},{\"@type\":\"ListItem\",\"position\":2,\"name\":\"Un march\u00e9 de la truffe couru \u00e0 Narbonne\"}]},{\"@type\":\"WebSite\",\"@id\":\"https:\/\/www.lengadoc.eu\/#website\",\"url\":\"https:\/\/www.lengadoc.eu\/\",\"name\":\"Radio Lengadoc\",\"description\":\"La Radio d&#039;Aqu\u00ec\",\"publisher\":{\"@id\":\"https:\/\/www.lengadoc.eu\/#organization\"},\"potentialAction\":[{\"@type\":\"SearchAction\",\"target\":{\"@type\":\"EntryPoint\",\"urlTemplate\":\"https:\/\/www.lengadoc.eu\/?s={search_term_string}\"},\"query-input\":{\"@type\":\"PropertyValueSpecification\",\"valueRequired\":true,\"valueName\":\"search_term_string\"}}],\"inLanguage\":\"oc\"},{\"@type\":\"Organization\",\"@id\":\"https:\/\/www.lengadoc.eu\/#organization\",\"name\":\"R\u00e0dio Lengad\u00f2c\",\"url\":\"https:\/\/www.lengadoc.eu\/\",\"logo\":{\"@type\":\"ImageObject\",\"inLanguage\":\"oc\",\"@id\":\"https:\/\/www.lengadoc.eu\/#\/schema\/logo\/image\/\",\"url\":\"https:\/\/www.lengadoc.eu\/wp-content\/uploads\/2021\/01\/logo-RLO.jpg\",\"contentUrl\":\"https:\/\/www.lengadoc.eu\/wp-content\/uploads\/2021\/01\/logo-RLO.jpg\",\"width\":1958,\"height\":509,\"caption\":\"R\u00e0dio Lengad\u00f2c\"},\"image\":{\"@id\":\"https:\/\/www.lengadoc.eu\/#\/schema\/logo\/image\/\"},\"sameAs\":[\"https:\/\/www.facebook.com\/radiolengadoc\",\"https:\/\/www.instagram.com\/radiolengadoc\"]},{\"@type\":\"Person\",\"@id\":\"https:\/\/www.lengadoc.eu\/#\/schema\/person\/ada8850603ae5533e65203193d829087\",\"name\":\"R\u00e0dio Lengad\u00f2c\",\"sameAs\":[\"http:\/\/www.lengadoc.eu\"]}]}<\/script>\n<!-- \/ Yoast SEO plugin. -->","yoast_head_json":{"title":"Un march\u00e9 de la truffe couru \u00e0 Narbonne - Radio Lengadoc","description":"\u00c9coutez R\u00e0dio Lengad\u00f2c en ligne, retrouvez notre grille des programmes, vos chroniques pr\u00e9f\u00e9r\u00e9es, podcasts et plus encore sur lengadoc.eu.","robots":{"index":"index","follow":"follow","max-snippet":"max-snippet:-1","max-image-preview":"max-image-preview:large","max-video-preview":"max-video-preview:-1"},"canonical":"https:\/\/www.lengadoc.eu\/oc\/2021\/02\/13\/marche-truffe-narbonne\/","og_locale":"en_US","og_type":"article","og_title":"Un march\u00e9 de la truffe couru \u00e0 Narbonne - Radio Lengadoc","og_description":"\u00c9coutez R\u00e0dio Lengad\u00f2c en ligne, retrouvez notre grille des programmes, vos chroniques pr\u00e9f\u00e9r\u00e9es, podcasts et plus encore sur lengadoc.eu.","og_url":"https:\/\/www.lengadoc.eu\/oc\/2021\/02\/13\/marche-truffe-narbonne\/","og_site_name":"Radio Lengadoc","article_publisher":"https:\/\/www.facebook.com\/radiolengadoc","article_published_time":"2021-02-13T10:44:40+00:00","article_modified_time":"2021-02-17T09:17:18+00:00","og_image":[{"width":1920,"height":1080,"url":"https:\/\/www.lengadoc.eu\/wp-content\/uploads\/2021\/02\/200213-truffes.jpg","type":"image\/jpeg"}],"author":"R\u00e0dio Lengad\u00f2c","twitter_card":"summary_large_image","twitter_misc":{"Written by":"R\u00e0dio Lengad\u00f2c"},"schema":{"@context":"https:\/\/schema.org","@graph":[{"@type":"Article","@id":"https:\/\/www.lengadoc.eu\/2021\/02\/13\/marche-truffe-narbonne\/#article","isPartOf":{"@id":"https:\/\/www.lengadoc.eu\/2021\/02\/13\/marche-truffe-narbonne\/"},"author":{"name":"R\u00e0dio Lengad\u00f2c","@id":"https:\/\/www.lengadoc.eu\/#\/schema\/person\/ada8850603ae5533e65203193d829087"},"headline":"Un march\u00e9 de la truffe couru \u00e0 Narbonne","datePublished":"2021-02-13T10:44:40+00:00","dateModified":"2021-02-17T09:17:18+00:00","mainEntityOfPage":{"@id":"https:\/\/www.lengadoc.eu\/2021\/02\/13\/marche-truffe-narbonne\/"},"wordCount":62,"publisher":{"@id":"https:\/\/www.lengadoc.eu\/#organization"},"image":{"@id":"https:\/\/www.lengadoc.eu\/2021\/02\/13\/marche-truffe-narbonne\/#primaryimage"},"thumbnailUrl":"https:\/\/www.lengadoc.eu\/wp-content\/uploads\/2021\/02\/200213-truffes.jpg","articleSection":["Actualitat"],"inLanguage":"oc"},{"@type":"WebPage","@id":"https:\/\/www.lengadoc.eu\/2021\/02\/13\/marche-truffe-narbonne\/","url":"https:\/\/www.lengadoc.eu\/2021\/02\/13\/marche-truffe-narbonne\/","name":"Un march\u00e9 de la truffe couru \u00e0 Narbonne - Radio Lengadoc","isPartOf":{"@id":"https:\/\/www.lengadoc.eu\/#website"},"primaryImageOfPage":{"@id":"https:\/\/www.lengadoc.eu\/2021\/02\/13\/marche-truffe-narbonne\/#primaryimage"},"image":{"@id":"https:\/\/www.lengadoc.eu\/2021\/02\/13\/marche-truffe-narbonne\/#primaryimage"},"thumbnailUrl":"https:\/\/www.lengadoc.eu\/wp-content\/uploads\/2021\/02\/200213-truffes.jpg","datePublished":"2021-02-13T10:44:40+00:00","dateModified":"2021-02-17T09:17:18+00:00","description":"\u00c9coutez R\u00e0dio Lengad\u00f2c en ligne, retrouvez notre grille des programmes, vos chroniques pr\u00e9f\u00e9r\u00e9es, podcasts et plus encore sur lengadoc.eu.","breadcrumb":{"@id":"https:\/\/www.lengadoc.eu\/2021\/02\/13\/marche-truffe-narbonne\/#breadcrumb"},"inLanguage":"oc","potentialAction":[{"@type":"ReadAction","target":["https:\/\/www.lengadoc.eu\/2021\/02\/13\/marche-truffe-narbonne\/"]}]},{"@type":"ImageObject","inLanguage":"oc","@id":"https:\/\/www.lengadoc.eu\/2021\/02\/13\/marche-truffe-narbonne\/#primaryimage","url":"https:\/\/www.lengadoc.eu\/wp-content\/uploads\/2021\/02\/200213-truffes.jpg","contentUrl":"https:\/\/www.lengadoc.eu\/wp-content\/uploads\/2021\/02\/200213-truffes.jpg","width":1920,"height":1080},{"@type":"BreadcrumbList","@id":"https:\/\/www.lengadoc.eu\/2021\/02\/13\/marche-truffe-narbonne\/#breadcrumb","itemListElement":[{"@type":"ListItem","position":1,"name":"Home","item":"https:\/\/www.lengadoc.eu\/"},{"@type":"ListItem","position":2,"name":"Un march\u00e9 de la truffe couru \u00e0 Narbonne"}]},{"@type":"WebSite","@id":"https:\/\/www.lengadoc.eu\/#website","url":"https:\/\/www.lengadoc.eu\/","name":"Radio Lengadoc","description":"La Radio d&#039;Aqu\u00ec","publisher":{"@id":"https:\/\/www.lengadoc.eu\/#organization"},"potentialAction":[{"@type":"SearchAction","target":{"@type":"EntryPoint","urlTemplate":"https:\/\/www.lengadoc.eu\/?s={search_term_string}"},"query-input":{"@type":"PropertyValueSpecification","valueRequired":true,"valueName":"search_term_string"}}],"inLanguage":"oc"},{"@type":"Organization","@id":"https:\/\/www.lengadoc.eu\/#organization","name":"R\u00e0dio Lengad\u00f2c","url":"https:\/\/www.lengadoc.eu\/","logo":{"@type":"ImageObject","inLanguage":"oc","@id":"https:\/\/www.lengadoc.eu\/#\/schema\/logo\/image\/","url":"https:\/\/www.lengadoc.eu\/wp-content\/uploads\/2021\/01\/logo-RLO.jpg","contentUrl":"https:\/\/www.lengadoc.eu\/wp-content\/uploads\/2021\/01\/logo-RLO.jpg","width":1958,"height":509,"caption":"R\u00e0dio Lengad\u00f2c"},"image":{"@id":"https:\/\/www.lengadoc.eu\/#\/schema\/logo\/image\/"},"sameAs":["https:\/\/www.facebook.com\/radiolengadoc","https:\/\/www.instagram.com\/radiolengadoc"]},{"@type":"Person","@id":"https:\/\/www.lengadoc.eu\/#\/schema\/person\/ada8850603ae5533e65203193d829087","name":"R\u00e0dio Lengad\u00f2c","sameAs":["http:\/\/www.lengadoc.eu"]}]}},"_links":{"self":[{"href":"https:\/\/www.lengadoc.eu\/oc\/wp-json\/wp\/v2\/posts\/4965","targetHints":{"allow":["GET"]}}],"collection":[{"href":"https:\/\/www.lengadoc.eu\/oc\/wp-json\/wp\/v2\/posts"}],"about":[{"href":"https:\/\/www.lengadoc.eu\/oc\/wp-json\/wp\/v2\/types\/post"}],"author":[{"embeddable":true,"href":"https:\/\/www.lengadoc.eu\/oc\/wp-json\/wp\/v2\/users\/1"}],"replies":[{"embeddable":true,"href":"https:\/\/www.lengadoc.eu\/oc\/wp-json\/wp\/v2\/comments?post=4965"}],"version-history":[{"count":0,"href":"https:\/\/www.lengadoc.eu\/oc\/wp-json\/wp\/v2\/posts\/4965\/revisions"}],"wp:featuredmedia":[{"embeddable":true,"href":"https:\/\/www.lengadoc.eu\/oc\/wp-json\/wp\/v2\/media\/4968"}],"wp:attachment":[{"href":"https:\/\/www.lengadoc.eu\/oc\/wp-json\/wp\/v2\/media?parent=4965"}],"wp:term":[{"taxonomy":"category","embeddable":true,"href":"https:\/\/www.lengadoc.eu\/oc\/wp-json\/wp\/v2\/categories?post=4965"},{"taxonomy":"post_tag","embeddable":true,"href":"https:\/\/www.lengadoc.eu\/oc\/wp-json\/wp\/v2\/tags?post=4965"}],"curies":[{"name":"wp","href":"https:\/\/api.w.org\/{rel}","templated":true}]}}