{"id":11532,"date":"2026-03-09T15:54:42","date_gmt":"2026-03-09T14:54:42","guid":{"rendered":"https:\/\/www.lengadoc.eu\/?p=11532"},"modified":"2026-03-09T15:56:10","modified_gmt":"2026-03-09T14:56:10","slug":"le-festival-de-films-feministes-en-feu","status":"publish","type":"post","link":"https:\/\/www.lengadoc.eu\/oc\/2026\/03\/09\/le-festival-de-films-feministes-en-feu\/","title":{"rendered":"Festival de films\u00a0f\u00e9ministes en\u00a0feu"},"content":{"rendered":"<!--[if lt IE 9]><script>document.createElement('audio');<\/script><![endif]-->\n<audio class=\"wp-audio-shortcode\" id=\"audio-11532-1\" preload=\"none\" style=\"width: 100%;\" controls=\"controls\"><source type=\"audio\/mpeg\" src=\"https:\/\/www.lengadoc.eu\/wp-content\/uploads\/2026\/03\/radio-lengadoc-Festivals-de-films-feministes-en-feu-11.mp3?_=1\" \/><a href=\"https:\/\/www.lengadoc.eu\/wp-content\/uploads\/2026\/03\/radio-lengadoc-Festivals-de-films-feministes-en-feu-11.mp3\">https:\/\/www.lengadoc.eu\/wp-content\/uploads\/2026\/03\/radio-lengadoc-Festivals-de-films-feministes-en-feu-11.mp3<\/a><\/audio>\n<p><img loading=\"lazy\" decoding=\"async\" class=\"wp-image-11534 size-full alignleft\" src=\"https:\/\/www.lengadoc.eu\/wp-content\/uploads\/2026\/03\/Capture-decran-2026-03-09-154330.jpg\" alt=\"\" width=\"468\" height=\"569\" srcset=\"https:\/\/www.lengadoc.eu\/wp-content\/uploads\/2026\/03\/Capture-decran-2026-03-09-154330.jpg 468w, https:\/\/www.lengadoc.eu\/wp-content\/uploads\/2026\/03\/Capture-decran-2026-03-09-154330-10x12.jpg 10w\" sizes=\"auto, (max-width: 468px) 100vw, 468px\" \/><\/p>\n<p>Le \u00ab\u00a0<b>Festival de films<\/b>\u00a0f\u00e9ministes en\u00a0<b>feu<\/b>\u00a0\u00bb est lanc\u00e9 d\u00e8s ce samedi 7 mars. \u00c0 Narbonne et dans l&rsquo;Aude, le\u00a0<span tabindex=\"0\" role=\"tooltip\"><span class=\"c5aZPb\" tabindex=\"0\" role=\"button\" data-enable-toggle-animation=\"true\" data-extra-container-classes=\"ZLo7Eb\" data-hover-hide-delay=\"1000\" data-hover-open-delay=\"500\" data-send-open-event=\"true\" data-theme=\"0\" data-width=\"250\" data-ved=\"2ahUKEwiqm-OyhpOTAxX9UqQEHZCmDwEQmpgGegQIJRAE\"><span class=\"JPfdse\" data-bubble-link=\"\" data-segment-text=\"cin\u00e9ma\">cin\u00e9ma<\/span><\/span><\/span>\u00a0se met au service d&rsquo;un combat toujours d&rsquo;actualit\u00e9 : celui contre les violences faites aux femmes et pour l&rsquo;\u00e9galit\u00e9<\/p>\n<p>&nbsp;<\/p>","protected":false},"excerpt":{"rendered":"<p>Le \u00ab\u00a0Festival de films\u00a0f\u00e9ministes en\u00a0feu\u00a0\u00bb est lanc\u00e9 d\u00e8s ce samedi 7 mars. \u00c0 Narbonne et dans l&rsquo;Aude, le\u00a0cin\u00e9ma\u00a0se met au service d&rsquo;un combat toujours d&rsquo;actualit\u00e9 : celui contre les violences faites aux femmes et pour l&rsquo;\u00e9galit\u00e9 &nbsp;<\/p>","protected":false},"author":1,"featured_media":11534,"comment_status":"closed","ping_status":"closed","sticky":false,"template":"","format":"standard","meta":{"_monsterinsights_skip_tracking":false,"_monsterinsights_sitenote_active":false,"_monsterinsights_sitenote_note":"","_monsterinsights_sitenote_category":0,"_uf_show_specific_survey":0,"_uf_disable_surveys":false,"footnotes":""},"categories":[249],"tags":[],"class_list":["post-11532","post","type-post","status-publish","format-standard","has-post-thumbnail","hentry","category-evenements"],"yoast_head":"<!-- This site is optimized with the Yoast SEO plugin v24.8.1 - https:\/\/yoast.com\/wordpress\/plugins\/seo\/ -->\n<title>Festival de films\u00a0f\u00e9ministes en\u00a0feu - Radio Lengadoc<\/title>\n<meta name=\"description\" content=\"Le &quot;Festival de films\u00a0f\u00e9ministes en\u00a0feu&quot; est lanc\u00e9 d\u00e8s ce samedi 7 mars. \u00c0 Narbonne et dans l&#039;Aude, le\u00a0cin\u00e9ma\u00a0se met au service d&#039;un combat toujours d&#039;actualit\u00e9 : celui contre les violences faites aux femmes et pour l&#039;\u00e9galit\u00e9\" \/>\n<meta name=\"robots\" content=\"index, follow, max-snippet:-1, max-image-preview:large, max-video-preview:-1\" \/>\n<link rel=\"canonical\" href=\"https:\/\/www.lengadoc.eu\/oc\/2026\/03\/09\/le-festival-de-films-feministes-en-feu\/\" \/>\n<meta property=\"og:locale\" content=\"en_US\" \/>\n<meta property=\"og:type\" content=\"article\" \/>\n<meta property=\"og:title\" content=\"Festival de films\u00a0f\u00e9ministes en\u00a0feu - Radio Lengadoc\" \/>\n<meta property=\"og:description\" content=\"Le &quot;Festival de films\u00a0f\u00e9ministes en\u00a0feu&quot; est lanc\u00e9 d\u00e8s ce samedi 7 mars. \u00c0 Narbonne et dans l&#039;Aude, le\u00a0cin\u00e9ma\u00a0se met au service d&#039;un combat toujours d&#039;actualit\u00e9 : celui contre les violences faites aux femmes et pour l&#039;\u00e9galit\u00e9\" \/>\n<meta property=\"og:url\" content=\"https:\/\/www.lengadoc.eu\/oc\/2026\/03\/09\/le-festival-de-films-feministes-en-feu\/\" \/>\n<meta property=\"og:site_name\" content=\"Radio Lengadoc\" \/>\n<meta property=\"article:publisher\" content=\"https:\/\/www.facebook.com\/radiolengadoc\" \/>\n<meta property=\"article:published_time\" content=\"2026-03-09T14:54:42+00:00\" \/>\n<meta property=\"article:modified_time\" content=\"2026-03-09T14:56:10+00:00\" \/>\n<meta property=\"og:image\" content=\"https:\/\/www.lengadoc.eu\/wp-content\/uploads\/2026\/03\/Capture-decran-2026-03-09-154330.jpg\" \/>\n\t<meta property=\"og:image:width\" content=\"468\" \/>\n\t<meta property=\"og:image:height\" content=\"569\" \/>\n\t<meta property=\"og:image:type\" content=\"image\/jpeg\" \/>\n<meta name=\"author\" content=\"R\u00e0dio Lengad\u00f2c\" \/>\n<meta name=\"twitter:card\" content=\"summary_large_image\" \/>\n<meta name=\"twitter:label1\" content=\"Written by\" \/>\n\t<meta name=\"twitter:data1\" content=\"R\u00e0dio Lengad\u00f2c\" \/>\n\t<meta name=\"twitter:label2\" content=\"Est. reading time\" \/>\n\t<meta name=\"twitter:data2\" content=\"1 minute\" \/>\n<script type=\"application\/ld+json\" class=\"yoast-schema-graph\">{\"@context\":\"https:\/\/schema.org\",\"@graph\":[{\"@type\":\"Article\",\"@id\":\"https:\/\/www.lengadoc.eu\/2026\/03\/09\/le-festival-de-films-feministes-en-feu\/#article\",\"isPartOf\":{\"@id\":\"https:\/\/www.lengadoc.eu\/2026\/03\/09\/le-festival-de-films-feministes-en-feu\/\"},\"author\":{\"name\":\"R\u00e0dio Lengad\u00f2c\",\"@id\":\"https:\/\/www.lengadoc.eu\/#\/schema\/person\/ada8850603ae5533e65203193d829087\"},\"headline\":\"Festival de films\u00a0f\u00e9ministes en\u00a0feu\",\"datePublished\":\"2026-03-09T14:54:42+00:00\",\"dateModified\":\"2026-03-09T14:56:10+00:00\",\"mainEntityOfPage\":{\"@id\":\"https:\/\/www.lengadoc.eu\/2026\/03\/09\/le-festival-de-films-feministes-en-feu\/\"},\"wordCount\":60,\"publisher\":{\"@id\":\"https:\/\/www.lengadoc.eu\/#organization\"},\"image\":{\"@id\":\"https:\/\/www.lengadoc.eu\/2026\/03\/09\/le-festival-de-films-feministes-en-feu\/#primaryimage\"},\"thumbnailUrl\":\"https:\/\/www.lengadoc.eu\/wp-content\/uploads\/2026\/03\/Capture-decran-2026-03-09-154330.jpg\",\"articleSection\":[\"Ev\u00e9nements\"],\"inLanguage\":\"oc\"},{\"@type\":\"WebPage\",\"@id\":\"https:\/\/www.lengadoc.eu\/2026\/03\/09\/le-festival-de-films-feministes-en-feu\/\",\"url\":\"https:\/\/www.lengadoc.eu\/2026\/03\/09\/le-festival-de-films-feministes-en-feu\/\",\"name\":\"Festival de films\u00a0f\u00e9ministes en\u00a0feu - Radio Lengadoc\",\"isPartOf\":{\"@id\":\"https:\/\/www.lengadoc.eu\/#website\"},\"primaryImageOfPage\":{\"@id\":\"https:\/\/www.lengadoc.eu\/2026\/03\/09\/le-festival-de-films-feministes-en-feu\/#primaryimage\"},\"image\":{\"@id\":\"https:\/\/www.lengadoc.eu\/2026\/03\/09\/le-festival-de-films-feministes-en-feu\/#primaryimage\"},\"thumbnailUrl\":\"https:\/\/www.lengadoc.eu\/wp-content\/uploads\/2026\/03\/Capture-decran-2026-03-09-154330.jpg\",\"datePublished\":\"2026-03-09T14:54:42+00:00\",\"dateModified\":\"2026-03-09T14:56:10+00:00\",\"description\":\"Le \\\"Festival de films\u00a0f\u00e9ministes en\u00a0feu\\\" est lanc\u00e9 d\u00e8s ce samedi 7 mars. \u00c0 Narbonne et dans l'Aude, le\u00a0cin\u00e9ma\u00a0se met au service d'un combat toujours d'actualit\u00e9 : celui contre les violences faites aux femmes et pour l'\u00e9galit\u00e9\",\"breadcrumb\":{\"@id\":\"https:\/\/www.lengadoc.eu\/2026\/03\/09\/le-festival-de-films-feministes-en-feu\/#breadcrumb\"},\"inLanguage\":\"oc\",\"potentialAction\":[{\"@type\":\"ReadAction\",\"target\":[\"https:\/\/www.lengadoc.eu\/2026\/03\/09\/le-festival-de-films-feministes-en-feu\/\"]}]},{\"@type\":\"ImageObject\",\"inLanguage\":\"oc\",\"@id\":\"https:\/\/www.lengadoc.eu\/2026\/03\/09\/le-festival-de-films-feministes-en-feu\/#primaryimage\",\"url\":\"https:\/\/www.lengadoc.eu\/wp-content\/uploads\/2026\/03\/Capture-decran-2026-03-09-154330.jpg\",\"contentUrl\":\"https:\/\/www.lengadoc.eu\/wp-content\/uploads\/2026\/03\/Capture-decran-2026-03-09-154330.jpg\",\"width\":468,\"height\":569},{\"@type\":\"BreadcrumbList\",\"@id\":\"https:\/\/www.lengadoc.eu\/2026\/03\/09\/le-festival-de-films-feministes-en-feu\/#breadcrumb\",\"itemListElement\":[{\"@type\":\"ListItem\",\"position\":1,\"name\":\"Home\",\"item\":\"https:\/\/www.lengadoc.eu\/\"},{\"@type\":\"ListItem\",\"position\":2,\"name\":\"Festival de films\u00a0f\u00e9ministes en\u00a0feu\"}]},{\"@type\":\"WebSite\",\"@id\":\"https:\/\/www.lengadoc.eu\/#website\",\"url\":\"https:\/\/www.lengadoc.eu\/\",\"name\":\"Radio Lengadoc\",\"description\":\"La Radio d&#039;Aqu\u00ec\",\"publisher\":{\"@id\":\"https:\/\/www.lengadoc.eu\/#organization\"},\"potentialAction\":[{\"@type\":\"SearchAction\",\"target\":{\"@type\":\"EntryPoint\",\"urlTemplate\":\"https:\/\/www.lengadoc.eu\/?s={search_term_string}\"},\"query-input\":{\"@type\":\"PropertyValueSpecification\",\"valueRequired\":true,\"valueName\":\"search_term_string\"}}],\"inLanguage\":\"oc\"},{\"@type\":\"Organization\",\"@id\":\"https:\/\/www.lengadoc.eu\/#organization\",\"name\":\"R\u00e0dio Lengad\u00f2c\",\"url\":\"https:\/\/www.lengadoc.eu\/\",\"logo\":{\"@type\":\"ImageObject\",\"inLanguage\":\"oc\",\"@id\":\"https:\/\/www.lengadoc.eu\/#\/schema\/logo\/image\/\",\"url\":\"https:\/\/www.lengadoc.eu\/wp-content\/uploads\/2021\/01\/logo-RLO.jpg\",\"contentUrl\":\"https:\/\/www.lengadoc.eu\/wp-content\/uploads\/2021\/01\/logo-RLO.jpg\",\"width\":1958,\"height\":509,\"caption\":\"R\u00e0dio Lengad\u00f2c\"},\"image\":{\"@id\":\"https:\/\/www.lengadoc.eu\/#\/schema\/logo\/image\/\"},\"sameAs\":[\"https:\/\/www.facebook.com\/radiolengadoc\",\"https:\/\/www.instagram.com\/radiolengadoc\"]},{\"@type\":\"Person\",\"@id\":\"https:\/\/www.lengadoc.eu\/#\/schema\/person\/ada8850603ae5533e65203193d829087\",\"name\":\"R\u00e0dio Lengad\u00f2c\",\"sameAs\":[\"http:\/\/www.lengadoc.eu\"]}]}<\/script>\n<!-- \/ Yoast SEO plugin. -->","yoast_head_json":{"title":"Festival de films\u00a0f\u00e9ministes en\u00a0feu - Radio Lengadoc","description":"Le \"Festival de films\u00a0f\u00e9ministes en\u00a0feu\" est lanc\u00e9 d\u00e8s ce samedi 7 mars. \u00c0 Narbonne et dans l'Aude, le\u00a0cin\u00e9ma\u00a0se met au service d'un combat toujours d'actualit\u00e9 : celui contre les violences faites aux femmes et pour l'\u00e9galit\u00e9","robots":{"index":"index","follow":"follow","max-snippet":"max-snippet:-1","max-image-preview":"max-image-preview:large","max-video-preview":"max-video-preview:-1"},"canonical":"https:\/\/www.lengadoc.eu\/oc\/2026\/03\/09\/le-festival-de-films-feministes-en-feu\/","og_locale":"en_US","og_type":"article","og_title":"Festival de films\u00a0f\u00e9ministes en\u00a0feu - Radio Lengadoc","og_description":"Le \"Festival de films\u00a0f\u00e9ministes en\u00a0feu\" est lanc\u00e9 d\u00e8s ce samedi 7 mars. \u00c0 Narbonne et dans l'Aude, le\u00a0cin\u00e9ma\u00a0se met au service d'un combat toujours d'actualit\u00e9 : celui contre les violences faites aux femmes et pour l'\u00e9galit\u00e9","og_url":"https:\/\/www.lengadoc.eu\/oc\/2026\/03\/09\/le-festival-de-films-feministes-en-feu\/","og_site_name":"Radio Lengadoc","article_publisher":"https:\/\/www.facebook.com\/radiolengadoc","article_published_time":"2026-03-09T14:54:42+00:00","article_modified_time":"2026-03-09T14:56:10+00:00","og_image":[{"width":468,"height":569,"url":"https:\/\/www.lengadoc.eu\/wp-content\/uploads\/2026\/03\/Capture-decran-2026-03-09-154330.jpg","type":"image\/jpeg"}],"author":"R\u00e0dio Lengad\u00f2c","twitter_card":"summary_large_image","twitter_misc":{"Written by":"R\u00e0dio Lengad\u00f2c","Est. reading time":"1 minute"},"schema":{"@context":"https:\/\/schema.org","@graph":[{"@type":"Article","@id":"https:\/\/www.lengadoc.eu\/2026\/03\/09\/le-festival-de-films-feministes-en-feu\/#article","isPartOf":{"@id":"https:\/\/www.lengadoc.eu\/2026\/03\/09\/le-festival-de-films-feministes-en-feu\/"},"author":{"name":"R\u00e0dio Lengad\u00f2c","@id":"https:\/\/www.lengadoc.eu\/#\/schema\/person\/ada8850603ae5533e65203193d829087"},"headline":"Festival de films\u00a0f\u00e9ministes en\u00a0feu","datePublished":"2026-03-09T14:54:42+00:00","dateModified":"2026-03-09T14:56:10+00:00","mainEntityOfPage":{"@id":"https:\/\/www.lengadoc.eu\/2026\/03\/09\/le-festival-de-films-feministes-en-feu\/"},"wordCount":60,"publisher":{"@id":"https:\/\/www.lengadoc.eu\/#organization"},"image":{"@id":"https:\/\/www.lengadoc.eu\/2026\/03\/09\/le-festival-de-films-feministes-en-feu\/#primaryimage"},"thumbnailUrl":"https:\/\/www.lengadoc.eu\/wp-content\/uploads\/2026\/03\/Capture-decran-2026-03-09-154330.jpg","articleSection":["Ev\u00e9nements"],"inLanguage":"oc"},{"@type":"WebPage","@id":"https:\/\/www.lengadoc.eu\/2026\/03\/09\/le-festival-de-films-feministes-en-feu\/","url":"https:\/\/www.lengadoc.eu\/2026\/03\/09\/le-festival-de-films-feministes-en-feu\/","name":"Festival de films\u00a0f\u00e9ministes en\u00a0feu - Radio Lengadoc","isPartOf":{"@id":"https:\/\/www.lengadoc.eu\/#website"},"primaryImageOfPage":{"@id":"https:\/\/www.lengadoc.eu\/2026\/03\/09\/le-festival-de-films-feministes-en-feu\/#primaryimage"},"image":{"@id":"https:\/\/www.lengadoc.eu\/2026\/03\/09\/le-festival-de-films-feministes-en-feu\/#primaryimage"},"thumbnailUrl":"https:\/\/www.lengadoc.eu\/wp-content\/uploads\/2026\/03\/Capture-decran-2026-03-09-154330.jpg","datePublished":"2026-03-09T14:54:42+00:00","dateModified":"2026-03-09T14:56:10+00:00","description":"Le \"Festival de films\u00a0f\u00e9ministes en\u00a0feu\" est lanc\u00e9 d\u00e8s ce samedi 7 mars. \u00c0 Narbonne et dans l'Aude, le\u00a0cin\u00e9ma\u00a0se met au service d'un combat toujours d'actualit\u00e9 : celui contre les violences faites aux femmes et pour l'\u00e9galit\u00e9","breadcrumb":{"@id":"https:\/\/www.lengadoc.eu\/2026\/03\/09\/le-festival-de-films-feministes-en-feu\/#breadcrumb"},"inLanguage":"oc","potentialAction":[{"@type":"ReadAction","target":["https:\/\/www.lengadoc.eu\/2026\/03\/09\/le-festival-de-films-feministes-en-feu\/"]}]},{"@type":"ImageObject","inLanguage":"oc","@id":"https:\/\/www.lengadoc.eu\/2026\/03\/09\/le-festival-de-films-feministes-en-feu\/#primaryimage","url":"https:\/\/www.lengadoc.eu\/wp-content\/uploads\/2026\/03\/Capture-decran-2026-03-09-154330.jpg","contentUrl":"https:\/\/www.lengadoc.eu\/wp-content\/uploads\/2026\/03\/Capture-decran-2026-03-09-154330.jpg","width":468,"height":569},{"@type":"BreadcrumbList","@id":"https:\/\/www.lengadoc.eu\/2026\/03\/09\/le-festival-de-films-feministes-en-feu\/#breadcrumb","itemListElement":[{"@type":"ListItem","position":1,"name":"Home","item":"https:\/\/www.lengadoc.eu\/"},{"@type":"ListItem","position":2,"name":"Festival de films\u00a0f\u00e9ministes en\u00a0feu"}]},{"@type":"WebSite","@id":"https:\/\/www.lengadoc.eu\/#website","url":"https:\/\/www.lengadoc.eu\/","name":"Radio Lengadoc","description":"La Radio d&#039;Aqu\u00ec","publisher":{"@id":"https:\/\/www.lengadoc.eu\/#organization"},"potentialAction":[{"@type":"SearchAction","target":{"@type":"EntryPoint","urlTemplate":"https:\/\/www.lengadoc.eu\/?s={search_term_string}"},"query-input":{"@type":"PropertyValueSpecification","valueRequired":true,"valueName":"search_term_string"}}],"inLanguage":"oc"},{"@type":"Organization","@id":"https:\/\/www.lengadoc.eu\/#organization","name":"R\u00e0dio Lengad\u00f2c","url":"https:\/\/www.lengadoc.eu\/","logo":{"@type":"ImageObject","inLanguage":"oc","@id":"https:\/\/www.lengadoc.eu\/#\/schema\/logo\/image\/","url":"https:\/\/www.lengadoc.eu\/wp-content\/uploads\/2021\/01\/logo-RLO.jpg","contentUrl":"https:\/\/www.lengadoc.eu\/wp-content\/uploads\/2021\/01\/logo-RLO.jpg","width":1958,"height":509,"caption":"R\u00e0dio Lengad\u00f2c"},"image":{"@id":"https:\/\/www.lengadoc.eu\/#\/schema\/logo\/image\/"},"sameAs":["https:\/\/www.facebook.com\/radiolengadoc","https:\/\/www.instagram.com\/radiolengadoc"]},{"@type":"Person","@id":"https:\/\/www.lengadoc.eu\/#\/schema\/person\/ada8850603ae5533e65203193d829087","name":"R\u00e0dio Lengad\u00f2c","sameAs":["http:\/\/www.lengadoc.eu"]}]}},"_links":{"self":[{"href":"https:\/\/www.lengadoc.eu\/oc\/wp-json\/wp\/v2\/posts\/11532","targetHints":{"allow":["GET"]}}],"collection":[{"href":"https:\/\/www.lengadoc.eu\/oc\/wp-json\/wp\/v2\/posts"}],"about":[{"href":"https:\/\/www.lengadoc.eu\/oc\/wp-json\/wp\/v2\/types\/post"}],"author":[{"embeddable":true,"href":"https:\/\/www.lengadoc.eu\/oc\/wp-json\/wp\/v2\/users\/1"}],"replies":[{"embeddable":true,"href":"https:\/\/www.lengadoc.eu\/oc\/wp-json\/wp\/v2\/comments?post=11532"}],"version-history":[{"count":0,"href":"https:\/\/www.lengadoc.eu\/oc\/wp-json\/wp\/v2\/posts\/11532\/revisions"}],"wp:featuredmedia":[{"embeddable":true,"href":"https:\/\/www.lengadoc.eu\/oc\/wp-json\/wp\/v2\/media\/11534"}],"wp:attachment":[{"href":"https:\/\/www.lengadoc.eu\/oc\/wp-json\/wp\/v2\/media?parent=11532"}],"wp:term":[{"taxonomy":"category","embeddable":true,"href":"https:\/\/www.lengadoc.eu\/oc\/wp-json\/wp\/v2\/categories?post=11532"},{"taxonomy":"post_tag","embeddable":true,"href":"https:\/\/www.lengadoc.eu\/oc\/wp-json\/wp\/v2\/tags?post=11532"}],"curies":[{"name":"wp","href":"https:\/\/api.w.org\/{rel}","templated":true}]}}