{"id":11496,"date":"2026-02-25T14:03:47","date_gmt":"2026-02-25T13:03:47","guid":{"rendered":"https:\/\/www.lengadoc.eu\/?p=11496"},"modified":"2026-02-25T15:10:34","modified_gmt":"2026-02-25T14:10:34","slug":"fil-lenchanteur-radiolengadoc","status":"publish","type":"post","link":"https:\/\/www.lengadoc.eu\/oc\/2026\/02\/25\/fil-lenchanteur-radiolengadoc\/","title":{"rendered":"Fil l\u2019Enchanteur"},"content":{"rendered":"<p><img loading=\"lazy\" decoding=\"async\" class=\"alignnone size-medium wp-image-11497\" src=\"https:\/\/www.lengadoc.eu\/wp-content\/uploads\/2026\/02\/608319284_1449480017177983_2047059220179627542_n-600x215.jpg\" alt=\"\" width=\"600\" height=\"215\" srcset=\"https:\/\/www.lengadoc.eu\/wp-content\/uploads\/2026\/02\/608319284_1449480017177983_2047059220179627542_n-600x215.jpg 600w, https:\/\/www.lengadoc.eu\/wp-content\/uploads\/2026\/02\/608319284_1449480017177983_2047059220179627542_n-768x275.jpg 768w, https:\/\/www.lengadoc.eu\/wp-content\/uploads\/2026\/02\/608319284_1449480017177983_2047059220179627542_n-18x6.jpg 18w, https:\/\/www.lengadoc.eu\/wp-content\/uploads\/2026\/02\/608319284_1449480017177983_2047059220179627542_n.jpg 1280w\" sizes=\"auto, (max-width: 600px) 100vw, 600px\" \/><\/p>\n<p>\u2728 Une exp\u00e9rience hors du commun arrive \u00e0 Narbonne au @waw.coworking ! \u2728<\/p>\n<p>\ud83e\udde0\ud83d\udd2e Fil l\u2019Enchanteur, mentaliste, vous plonge dans un spectacle interactif m\u00ealant lectures de pens\u00e9es, pr\u00e9dictions bluffantes et influences troublantes.<br \/>\nUn moment unique, immersif et riche en \u00e9motions, o\u00f9 le public devient acteur de la soir\u00e9e.<\/p>\n<p>\ud83d\udcc5 Plusieurs dates disponibles<br \/>\n&#8211; Vendredi 27 mars \u00e0 18h<br \/>\n&#8211; Samedi 28 f\u00e9vrier \u00e0 16h &amp; 18h<br \/>\n&#8211; Dimanche 1er mars \u00e0 16h &amp; 18h<br \/>\n&#8211; Jeudi 5 mars \u00e0 18h<br \/>\n&#8211; Dimanche 8 mars \u00e0 16h &amp; 18h<\/p>\n<p>https:\/\/magicien.nc\/<\/p>\n<p>&nbsp;<\/p>","protected":false},"excerpt":{"rendered":"<p>\u2728 Une exp\u00e9rience hors du commun arrive \u00e0 Narbonne au @waw.coworking ! \u2728 \ud83e\udde0\ud83d\udd2e Fil l\u2019Enchanteur, mentaliste, vous plonge dans un spectacle interactif m\u00ealant lectures de pens\u00e9es, pr\u00e9dictions bluffantes et influences troublantes. Un moment unique, immersif et riche en \u00e9motions, o\u00f9 le public devient acteur de la soir\u00e9e. \ud83d\udcc5 Plusieurs dates disponibles &#8211; Vendredi 27 [&hellip;]<\/p>","protected":false},"author":1,"featured_media":11497,"comment_status":"closed","ping_status":"closed","sticky":false,"template":"","format":"standard","meta":{"_monsterinsights_skip_tracking":false,"_monsterinsights_sitenote_active":false,"_monsterinsights_sitenote_note":"","_monsterinsights_sitenote_category":0,"_uf_show_specific_survey":0,"_uf_disable_surveys":false,"footnotes":""},"categories":[249],"tags":[],"class_list":["post-11496","post","type-post","status-publish","format-standard","has-post-thumbnail","hentry","category-evenements"],"yoast_head":"<!-- This site is optimized with the Yoast SEO plugin v24.8.1 - https:\/\/yoast.com\/wordpress\/plugins\/seo\/ -->\n<title>Fil l\u2019Enchanteur - Radio Lengadoc<\/title>\n<meta name=\"description\" content=\"R\u00e0dio Lengad\u00f2c \u00e9tait pr\u00e9sente \u00e0 l\u2019\u00e9v\u00e9nement organis\u00e9 par la Ligue des Droits de l\u2019Homme - Section Narbonne, le 13 novembre 2025.\u2728 Une exp\u00e9rience hors du commun arrive \u00e0 Narbonne au @waw.coworking ! \u2728\ud83e\udde0\ud83d\udd2e Fil l\u2019Enchanteur, mentaliste, vous plonge dans un spectacle interactif m\u00ealant lectures de pens\u00e9es, pr\u00e9dictions bluffantes et influences troublantes.Un moment unique, immersif et riche en \u00e9motions, o\u00f9 le public devient acteur de la soir\u00e9e.\ud83d\udcc5 Plusieurs dates disponibles- Vendredi 27 mars \u00e0 18h- Samedi 28 f\u00e9vrier \u00e0 16h &amp; 18h- Dimanche 1er mars \u00e0 16h &amp; 18h- Jeudi 5 mars \u00e0 18h- Dimanche 8 mars \u00e0 16h &amp; 18h#radiolengadoc #mentalist #magicien #narbonne\" \/>\n<meta name=\"robots\" content=\"index, follow, max-snippet:-1, max-image-preview:large, max-video-preview:-1\" \/>\n<link rel=\"canonical\" href=\"https:\/\/www.lengadoc.eu\/oc\/2026\/02\/25\/fil-lenchanteur-radiolengadoc\/\" \/>\n<meta property=\"og:locale\" content=\"en_US\" \/>\n<meta property=\"og:type\" content=\"article\" \/>\n<meta property=\"og:title\" content=\"Fil l\u2019Enchanteur - Radio Lengadoc\" \/>\n<meta property=\"og:description\" content=\"R\u00e0dio Lengad\u00f2c \u00e9tait pr\u00e9sente \u00e0 l\u2019\u00e9v\u00e9nement organis\u00e9 par la Ligue des Droits de l\u2019Homme - Section Narbonne, le 13 novembre 2025.\u2728 Une exp\u00e9rience hors du commun arrive \u00e0 Narbonne au @waw.coworking ! \u2728\ud83e\udde0\ud83d\udd2e Fil l\u2019Enchanteur, mentaliste, vous plonge dans un spectacle interactif m\u00ealant lectures de pens\u00e9es, pr\u00e9dictions bluffantes et influences troublantes.Un moment unique, immersif et riche en \u00e9motions, o\u00f9 le public devient acteur de la soir\u00e9e.\ud83d\udcc5 Plusieurs dates disponibles- Vendredi 27 mars \u00e0 18h- Samedi 28 f\u00e9vrier \u00e0 16h &amp; 18h- Dimanche 1er mars \u00e0 16h &amp; 18h- Jeudi 5 mars \u00e0 18h- Dimanche 8 mars \u00e0 16h &amp; 18h#radiolengadoc #mentalist #magicien #narbonne\" \/>\n<meta property=\"og:url\" content=\"https:\/\/www.lengadoc.eu\/oc\/2026\/02\/25\/fil-lenchanteur-radiolengadoc\/\" \/>\n<meta property=\"og:site_name\" content=\"Radio Lengadoc\" \/>\n<meta property=\"article:publisher\" content=\"https:\/\/www.facebook.com\/radiolengadoc\" \/>\n<meta property=\"article:published_time\" content=\"2026-02-25T13:03:47+00:00\" \/>\n<meta property=\"article:modified_time\" content=\"2026-02-25T14:10:34+00:00\" \/>\n<meta property=\"og:image\" content=\"https:\/\/www.lengadoc.eu\/wp-content\/uploads\/2026\/02\/608319284_1449480017177983_2047059220179627542_n.jpg\" \/>\n\t<meta property=\"og:image:width\" content=\"1280\" \/>\n\t<meta property=\"og:image:height\" content=\"458\" \/>\n\t<meta property=\"og:image:type\" content=\"image\/jpeg\" \/>\n<meta name=\"author\" content=\"R\u00e0dio Lengad\u00f2c\" \/>\n<meta name=\"twitter:card\" content=\"summary_large_image\" \/>\n<meta name=\"twitter:label1\" content=\"Written by\" \/>\n\t<meta name=\"twitter:data1\" content=\"R\u00e0dio Lengad\u00f2c\" \/>\n\t<meta name=\"twitter:label2\" content=\"Est. reading time\" \/>\n\t<meta name=\"twitter:data2\" content=\"1 minute\" \/>\n<script type=\"application\/ld+json\" class=\"yoast-schema-graph\">{\"@context\":\"https:\/\/schema.org\",\"@graph\":[{\"@type\":\"Article\",\"@id\":\"https:\/\/www.lengadoc.eu\/2026\/02\/25\/fil-lenchanteur-radiolengadoc\/#article\",\"isPartOf\":{\"@id\":\"https:\/\/www.lengadoc.eu\/2026\/02\/25\/fil-lenchanteur-radiolengadoc\/\"},\"author\":{\"name\":\"R\u00e0dio Lengad\u00f2c\",\"@id\":\"https:\/\/www.lengadoc.eu\/#\/schema\/person\/ada8850603ae5533e65203193d829087\"},\"headline\":\"Fil l\u2019Enchanteur\",\"datePublished\":\"2026-02-25T13:03:47+00:00\",\"dateModified\":\"2026-02-25T14:10:34+00:00\",\"mainEntityOfPage\":{\"@id\":\"https:\/\/www.lengadoc.eu\/2026\/02\/25\/fil-lenchanteur-radiolengadoc\/\"},\"wordCount\":91,\"publisher\":{\"@id\":\"https:\/\/www.lengadoc.eu\/#organization\"},\"image\":{\"@id\":\"https:\/\/www.lengadoc.eu\/2026\/02\/25\/fil-lenchanteur-radiolengadoc\/#primaryimage\"},\"thumbnailUrl\":\"https:\/\/www.lengadoc.eu\/wp-content\/uploads\/2026\/02\/608319284_1449480017177983_2047059220179627542_n.jpg\",\"articleSection\":[\"Ev\u00e9nements\"],\"inLanguage\":\"oc\"},{\"@type\":\"WebPage\",\"@id\":\"https:\/\/www.lengadoc.eu\/2026\/02\/25\/fil-lenchanteur-radiolengadoc\/\",\"url\":\"https:\/\/www.lengadoc.eu\/2026\/02\/25\/fil-lenchanteur-radiolengadoc\/\",\"name\":\"Fil l\u2019Enchanteur - Radio Lengadoc\",\"isPartOf\":{\"@id\":\"https:\/\/www.lengadoc.eu\/#website\"},\"primaryImageOfPage\":{\"@id\":\"https:\/\/www.lengadoc.eu\/2026\/02\/25\/fil-lenchanteur-radiolengadoc\/#primaryimage\"},\"image\":{\"@id\":\"https:\/\/www.lengadoc.eu\/2026\/02\/25\/fil-lenchanteur-radiolengadoc\/#primaryimage\"},\"thumbnailUrl\":\"https:\/\/www.lengadoc.eu\/wp-content\/uploads\/2026\/02\/608319284_1449480017177983_2047059220179627542_n.jpg\",\"datePublished\":\"2026-02-25T13:03:47+00:00\",\"dateModified\":\"2026-02-25T14:10:34+00:00\",\"description\":\"R\u00e0dio Lengad\u00f2c \u00e9tait pr\u00e9sente \u00e0 l\u2019\u00e9v\u00e9nement organis\u00e9 par la Ligue des Droits de l\u2019Homme - Section Narbonne, le 13 novembre 2025.\u2728 Une exp\u00e9rience hors du commun arrive \u00e0 Narbonne au @waw.coworking ! \u2728\ud83e\udde0\ud83d\udd2e Fil l\u2019Enchanteur, mentaliste, vous plonge dans un spectacle interactif m\u00ealant lectures de pens\u00e9es, pr\u00e9dictions bluffantes et influences troublantes.Un moment unique, immersif et riche en \u00e9motions, o\u00f9 le public devient acteur de la soir\u00e9e.\ud83d\udcc5 Plusieurs dates disponibles- Vendredi 27 mars \u00e0 18h- Samedi 28 f\u00e9vrier \u00e0 16h & 18h- Dimanche 1er mars \u00e0 16h & 18h- Jeudi 5 mars \u00e0 18h- Dimanche 8 mars \u00e0 16h & 18h#radiolengadoc #mentalist #magicien #narbonne\",\"breadcrumb\":{\"@id\":\"https:\/\/www.lengadoc.eu\/2026\/02\/25\/fil-lenchanteur-radiolengadoc\/#breadcrumb\"},\"inLanguage\":\"oc\",\"potentialAction\":[{\"@type\":\"ReadAction\",\"target\":[\"https:\/\/www.lengadoc.eu\/2026\/02\/25\/fil-lenchanteur-radiolengadoc\/\"]}]},{\"@type\":\"ImageObject\",\"inLanguage\":\"oc\",\"@id\":\"https:\/\/www.lengadoc.eu\/2026\/02\/25\/fil-lenchanteur-radiolengadoc\/#primaryimage\",\"url\":\"https:\/\/www.lengadoc.eu\/wp-content\/uploads\/2026\/02\/608319284_1449480017177983_2047059220179627542_n.jpg\",\"contentUrl\":\"https:\/\/www.lengadoc.eu\/wp-content\/uploads\/2026\/02\/608319284_1449480017177983_2047059220179627542_n.jpg\",\"width\":1280,\"height\":458},{\"@type\":\"BreadcrumbList\",\"@id\":\"https:\/\/www.lengadoc.eu\/2026\/02\/25\/fil-lenchanteur-radiolengadoc\/#breadcrumb\",\"itemListElement\":[{\"@type\":\"ListItem\",\"position\":1,\"name\":\"Home\",\"item\":\"https:\/\/www.lengadoc.eu\/\"},{\"@type\":\"ListItem\",\"position\":2,\"name\":\"Fil l\u2019Enchanteur\"}]},{\"@type\":\"WebSite\",\"@id\":\"https:\/\/www.lengadoc.eu\/#website\",\"url\":\"https:\/\/www.lengadoc.eu\/\",\"name\":\"Radio Lengadoc\",\"description\":\"La Radio d&#039;Aqu\u00ec\",\"publisher\":{\"@id\":\"https:\/\/www.lengadoc.eu\/#organization\"},\"potentialAction\":[{\"@type\":\"SearchAction\",\"target\":{\"@type\":\"EntryPoint\",\"urlTemplate\":\"https:\/\/www.lengadoc.eu\/?s={search_term_string}\"},\"query-input\":{\"@type\":\"PropertyValueSpecification\",\"valueRequired\":true,\"valueName\":\"search_term_string\"}}],\"inLanguage\":\"oc\"},{\"@type\":\"Organization\",\"@id\":\"https:\/\/www.lengadoc.eu\/#organization\",\"name\":\"R\u00e0dio Lengad\u00f2c\",\"url\":\"https:\/\/www.lengadoc.eu\/\",\"logo\":{\"@type\":\"ImageObject\",\"inLanguage\":\"oc\",\"@id\":\"https:\/\/www.lengadoc.eu\/#\/schema\/logo\/image\/\",\"url\":\"https:\/\/www.lengadoc.eu\/wp-content\/uploads\/2021\/01\/logo-RLO.jpg\",\"contentUrl\":\"https:\/\/www.lengadoc.eu\/wp-content\/uploads\/2021\/01\/logo-RLO.jpg\",\"width\":1958,\"height\":509,\"caption\":\"R\u00e0dio Lengad\u00f2c\"},\"image\":{\"@id\":\"https:\/\/www.lengadoc.eu\/#\/schema\/logo\/image\/\"},\"sameAs\":[\"https:\/\/www.facebook.com\/radiolengadoc\",\"https:\/\/www.instagram.com\/radiolengadoc\"]},{\"@type\":\"Person\",\"@id\":\"https:\/\/www.lengadoc.eu\/#\/schema\/person\/ada8850603ae5533e65203193d829087\",\"name\":\"R\u00e0dio Lengad\u00f2c\",\"sameAs\":[\"http:\/\/www.lengadoc.eu\"]}]}<\/script>\n<!-- \/ Yoast SEO plugin. -->","yoast_head_json":{"title":"Fil l\u2019Enchanteur - Radio Lengadoc","description":"R\u00e0dio Lengad\u00f2c \u00e9tait pr\u00e9sente \u00e0 l\u2019\u00e9v\u00e9nement organis\u00e9 par la Ligue des Droits de l\u2019Homme - Section Narbonne, le 13 novembre 2025.\u2728 Une exp\u00e9rience hors du commun arrive \u00e0 Narbonne au @waw.coworking ! \u2728\ud83e\udde0\ud83d\udd2e Fil l\u2019Enchanteur, mentaliste, vous plonge dans un spectacle interactif m\u00ealant lectures de pens\u00e9es, pr\u00e9dictions bluffantes et influences troublantes.Un moment unique, immersif et riche en \u00e9motions, o\u00f9 le public devient acteur de la soir\u00e9e.\ud83d\udcc5 Plusieurs dates disponibles- Vendredi 27 mars \u00e0 18h- Samedi 28 f\u00e9vrier \u00e0 16h & 18h- Dimanche 1er mars \u00e0 16h & 18h- Jeudi 5 mars \u00e0 18h- Dimanche 8 mars \u00e0 16h & 18h#radiolengadoc #mentalist #magicien #narbonne","robots":{"index":"index","follow":"follow","max-snippet":"max-snippet:-1","max-image-preview":"max-image-preview:large","max-video-preview":"max-video-preview:-1"},"canonical":"https:\/\/www.lengadoc.eu\/oc\/2026\/02\/25\/fil-lenchanteur-radiolengadoc\/","og_locale":"en_US","og_type":"article","og_title":"Fil l\u2019Enchanteur - Radio Lengadoc","og_description":"R\u00e0dio Lengad\u00f2c \u00e9tait pr\u00e9sente \u00e0 l\u2019\u00e9v\u00e9nement organis\u00e9 par la Ligue des Droits de l\u2019Homme - Section Narbonne, le 13 novembre 2025.\u2728 Une exp\u00e9rience hors du commun arrive \u00e0 Narbonne au @waw.coworking ! \u2728\ud83e\udde0\ud83d\udd2e Fil l\u2019Enchanteur, mentaliste, vous plonge dans un spectacle interactif m\u00ealant lectures de pens\u00e9es, pr\u00e9dictions bluffantes et influences troublantes.Un moment unique, immersif et riche en \u00e9motions, o\u00f9 le public devient acteur de la soir\u00e9e.\ud83d\udcc5 Plusieurs dates disponibles- Vendredi 27 mars \u00e0 18h- Samedi 28 f\u00e9vrier \u00e0 16h & 18h- Dimanche 1er mars \u00e0 16h & 18h- Jeudi 5 mars \u00e0 18h- Dimanche 8 mars \u00e0 16h & 18h#radiolengadoc #mentalist #magicien #narbonne","og_url":"https:\/\/www.lengadoc.eu\/oc\/2026\/02\/25\/fil-lenchanteur-radiolengadoc\/","og_site_name":"Radio Lengadoc","article_publisher":"https:\/\/www.facebook.com\/radiolengadoc","article_published_time":"2026-02-25T13:03:47+00:00","article_modified_time":"2026-02-25T14:10:34+00:00","og_image":[{"width":1280,"height":458,"url":"https:\/\/www.lengadoc.eu\/wp-content\/uploads\/2026\/02\/608319284_1449480017177983_2047059220179627542_n.jpg","type":"image\/jpeg"}],"author":"R\u00e0dio Lengad\u00f2c","twitter_card":"summary_large_image","twitter_misc":{"Written by":"R\u00e0dio Lengad\u00f2c","Est. reading time":"1 minute"},"schema":{"@context":"https:\/\/schema.org","@graph":[{"@type":"Article","@id":"https:\/\/www.lengadoc.eu\/2026\/02\/25\/fil-lenchanteur-radiolengadoc\/#article","isPartOf":{"@id":"https:\/\/www.lengadoc.eu\/2026\/02\/25\/fil-lenchanteur-radiolengadoc\/"},"author":{"name":"R\u00e0dio Lengad\u00f2c","@id":"https:\/\/www.lengadoc.eu\/#\/schema\/person\/ada8850603ae5533e65203193d829087"},"headline":"Fil l\u2019Enchanteur","datePublished":"2026-02-25T13:03:47+00:00","dateModified":"2026-02-25T14:10:34+00:00","mainEntityOfPage":{"@id":"https:\/\/www.lengadoc.eu\/2026\/02\/25\/fil-lenchanteur-radiolengadoc\/"},"wordCount":91,"publisher":{"@id":"https:\/\/www.lengadoc.eu\/#organization"},"image":{"@id":"https:\/\/www.lengadoc.eu\/2026\/02\/25\/fil-lenchanteur-radiolengadoc\/#primaryimage"},"thumbnailUrl":"https:\/\/www.lengadoc.eu\/wp-content\/uploads\/2026\/02\/608319284_1449480017177983_2047059220179627542_n.jpg","articleSection":["Ev\u00e9nements"],"inLanguage":"oc"},{"@type":"WebPage","@id":"https:\/\/www.lengadoc.eu\/2026\/02\/25\/fil-lenchanteur-radiolengadoc\/","url":"https:\/\/www.lengadoc.eu\/2026\/02\/25\/fil-lenchanteur-radiolengadoc\/","name":"Fil l\u2019Enchanteur - Radio Lengadoc","isPartOf":{"@id":"https:\/\/www.lengadoc.eu\/#website"},"primaryImageOfPage":{"@id":"https:\/\/www.lengadoc.eu\/2026\/02\/25\/fil-lenchanteur-radiolengadoc\/#primaryimage"},"image":{"@id":"https:\/\/www.lengadoc.eu\/2026\/02\/25\/fil-lenchanteur-radiolengadoc\/#primaryimage"},"thumbnailUrl":"https:\/\/www.lengadoc.eu\/wp-content\/uploads\/2026\/02\/608319284_1449480017177983_2047059220179627542_n.jpg","datePublished":"2026-02-25T13:03:47+00:00","dateModified":"2026-02-25T14:10:34+00:00","description":"R\u00e0dio Lengad\u00f2c \u00e9tait pr\u00e9sente \u00e0 l\u2019\u00e9v\u00e9nement organis\u00e9 par la Ligue des Droits de l\u2019Homme - Section Narbonne, le 13 novembre 2025.\u2728 Une exp\u00e9rience hors du commun arrive \u00e0 Narbonne au @waw.coworking ! \u2728\ud83e\udde0\ud83d\udd2e Fil l\u2019Enchanteur, mentaliste, vous plonge dans un spectacle interactif m\u00ealant lectures de pens\u00e9es, pr\u00e9dictions bluffantes et influences troublantes.Un moment unique, immersif et riche en \u00e9motions, o\u00f9 le public devient acteur de la soir\u00e9e.\ud83d\udcc5 Plusieurs dates disponibles- Vendredi 27 mars \u00e0 18h- Samedi 28 f\u00e9vrier \u00e0 16h & 18h- Dimanche 1er mars \u00e0 16h & 18h- Jeudi 5 mars \u00e0 18h- Dimanche 8 mars \u00e0 16h & 18h#radiolengadoc #mentalist #magicien #narbonne","breadcrumb":{"@id":"https:\/\/www.lengadoc.eu\/2026\/02\/25\/fil-lenchanteur-radiolengadoc\/#breadcrumb"},"inLanguage":"oc","potentialAction":[{"@type":"ReadAction","target":["https:\/\/www.lengadoc.eu\/2026\/02\/25\/fil-lenchanteur-radiolengadoc\/"]}]},{"@type":"ImageObject","inLanguage":"oc","@id":"https:\/\/www.lengadoc.eu\/2026\/02\/25\/fil-lenchanteur-radiolengadoc\/#primaryimage","url":"https:\/\/www.lengadoc.eu\/wp-content\/uploads\/2026\/02\/608319284_1449480017177983_2047059220179627542_n.jpg","contentUrl":"https:\/\/www.lengadoc.eu\/wp-content\/uploads\/2026\/02\/608319284_1449480017177983_2047059220179627542_n.jpg","width":1280,"height":458},{"@type":"BreadcrumbList","@id":"https:\/\/www.lengadoc.eu\/2026\/02\/25\/fil-lenchanteur-radiolengadoc\/#breadcrumb","itemListElement":[{"@type":"ListItem","position":1,"name":"Home","item":"https:\/\/www.lengadoc.eu\/"},{"@type":"ListItem","position":2,"name":"Fil l\u2019Enchanteur"}]},{"@type":"WebSite","@id":"https:\/\/www.lengadoc.eu\/#website","url":"https:\/\/www.lengadoc.eu\/","name":"Radio Lengadoc","description":"La Radio d&#039;Aqu\u00ec","publisher":{"@id":"https:\/\/www.lengadoc.eu\/#organization"},"potentialAction":[{"@type":"SearchAction","target":{"@type":"EntryPoint","urlTemplate":"https:\/\/www.lengadoc.eu\/?s={search_term_string}"},"query-input":{"@type":"PropertyValueSpecification","valueRequired":true,"valueName":"search_term_string"}}],"inLanguage":"oc"},{"@type":"Organization","@id":"https:\/\/www.lengadoc.eu\/#organization","name":"R\u00e0dio Lengad\u00f2c","url":"https:\/\/www.lengadoc.eu\/","logo":{"@type":"ImageObject","inLanguage":"oc","@id":"https:\/\/www.lengadoc.eu\/#\/schema\/logo\/image\/","url":"https:\/\/www.lengadoc.eu\/wp-content\/uploads\/2021\/01\/logo-RLO.jpg","contentUrl":"https:\/\/www.lengadoc.eu\/wp-content\/uploads\/2021\/01\/logo-RLO.jpg","width":1958,"height":509,"caption":"R\u00e0dio Lengad\u00f2c"},"image":{"@id":"https:\/\/www.lengadoc.eu\/#\/schema\/logo\/image\/"},"sameAs":["https:\/\/www.facebook.com\/radiolengadoc","https:\/\/www.instagram.com\/radiolengadoc"]},{"@type":"Person","@id":"https:\/\/www.lengadoc.eu\/#\/schema\/person\/ada8850603ae5533e65203193d829087","name":"R\u00e0dio Lengad\u00f2c","sameAs":["http:\/\/www.lengadoc.eu"]}]}},"_links":{"self":[{"href":"https:\/\/www.lengadoc.eu\/oc\/wp-json\/wp\/v2\/posts\/11496","targetHints":{"allow":["GET"]}}],"collection":[{"href":"https:\/\/www.lengadoc.eu\/oc\/wp-json\/wp\/v2\/posts"}],"about":[{"href":"https:\/\/www.lengadoc.eu\/oc\/wp-json\/wp\/v2\/types\/post"}],"author":[{"embeddable":true,"href":"https:\/\/www.lengadoc.eu\/oc\/wp-json\/wp\/v2\/users\/1"}],"replies":[{"embeddable":true,"href":"https:\/\/www.lengadoc.eu\/oc\/wp-json\/wp\/v2\/comments?post=11496"}],"version-history":[{"count":0,"href":"https:\/\/www.lengadoc.eu\/oc\/wp-json\/wp\/v2\/posts\/11496\/revisions"}],"wp:featuredmedia":[{"embeddable":true,"href":"https:\/\/www.lengadoc.eu\/oc\/wp-json\/wp\/v2\/media\/11497"}],"wp:attachment":[{"href":"https:\/\/www.lengadoc.eu\/oc\/wp-json\/wp\/v2\/media?parent=11496"}],"wp:term":[{"taxonomy":"category","embeddable":true,"href":"https:\/\/www.lengadoc.eu\/oc\/wp-json\/wp\/v2\/categories?post=11496"},{"taxonomy":"post_tag","embeddable":true,"href":"https:\/\/www.lengadoc.eu\/oc\/wp-json\/wp\/v2\/tags?post=11496"}],"curies":[{"name":"wp","href":"https:\/\/api.w.org\/{rel}","templated":true}]}}