{"id":10605,"date":"2025-06-27T11:26:40","date_gmt":"2025-06-27T09:26:40","guid":{"rendered":"https:\/\/www.lengadoc.eu\/?p=10605"},"modified":"2025-07-17T10:23:18","modified_gmt":"2025-07-17T08:23:18","slug":"total-festum-gruissan","status":"publish","type":"post","link":"https:\/\/www.lengadoc.eu\/oc\/2025\/06\/27\/total-festum-gruissan\/","title":{"rendered":"Total Festum Gruissan"},"content":{"rendered":"<!--[if lt IE 9]><script>document.createElement('audio');<\/script><![endif]-->\n<audio class=\"wp-audio-shortcode\" id=\"audio-10605-1\" preload=\"none\" style=\"width: 100%;\" controls=\"controls\"><source type=\"audio\/mpeg\" src=\"https:\/\/www.lengadoc.eu\/wp-content\/uploads\/2025\/06\/Evenements-2.mp3?_=1\" \/><a href=\"https:\/\/www.lengadoc.eu\/wp-content\/uploads\/2025\/06\/Evenements-2.mp3\">https:\/\/www.lengadoc.eu\/wp-content\/uploads\/2025\/06\/Evenements-2.mp3<\/a><\/audio>\n<p><img loading=\"lazy\" decoding=\"async\" class=\"wp-image-10665 size-medium alignleft\" src=\"https:\/\/www.lengadoc.eu\/wp-content\/uploads\/2025\/06\/IMG_9154-2-600x450.jpg\" alt=\"\" width=\"600\" height=\"450\" srcset=\"https:\/\/www.lengadoc.eu\/wp-content\/uploads\/2025\/06\/IMG_9154-2-600x450.jpg 600w, https:\/\/www.lengadoc.eu\/wp-content\/uploads\/2025\/06\/IMG_9154-2-1920x1440.jpg 1920w, https:\/\/www.lengadoc.eu\/wp-content\/uploads\/2025\/06\/IMG_9154-2-768x576.jpg 768w, https:\/\/www.lengadoc.eu\/wp-content\/uploads\/2025\/06\/IMG_9154-2-1536x1152.jpg 1536w, https:\/\/www.lengadoc.eu\/wp-content\/uploads\/2025\/06\/IMG_9154-2-2048x1536.jpg 2048w, https:\/\/www.lengadoc.eu\/wp-content\/uploads\/2025\/06\/IMG_9154-2-16x12.jpg 16w\" sizes=\"auto, (max-width: 600px) 100vw, 600px\" \/><strong class=\"spip\">Total Festum, c\u2019est le festival des langues et cultures catalanes et occitanes qui rassemble toutes les g\u00e9n\u00e9rations partout en Occitanie\u00a0!<\/strong><\/p>\n<p>En 2025, du 16 mai au 6 juillet, citoyen.ne.s, associations et communes proposent plusieurs rendez-vous festifs, culturels et toujours chaleureux autour du solstice d\u2019\u00e9t\u00e9, des feux de la Saint-Jean et de nos traditions renouvel\u00e9es.Concerts, spectacles, ateliers, lectures, jeux, sport, balades, gastronomie\u2026 Jusqu\u2019au 6 juillet ce sont plus de\u00a0<i>150 \u00e9v\u00e9nements o\u00f9 intervenants et artistes vous invitent \u00e0 parler une culture vivante\u2026 Parlem una cultura viva\u00a0!<\/i><\/p>\n<p><strong data-start=\"47\" data-end=\"126\"> R\u00e0dio Lengad\u00f2c\u00a0 \u00e9tait pr\u00e9sente le 23 juin 2025 \u00e0 Gruissan pour Total Festum.<\/strong><br data-start=\"126\" data-end=\"129\" \/>Notre journaliste Jean-Pierre Laval a interview\u00e9 plusieurs personnes, dont :<br data-start=\"205\" data-end=\"208\" \/>Marie-Lou Lajus, adjointe \u00e0 la culture de Gruissan ;<br data-start=\"260\" data-end=\"263\" \/>Laurent Grotti, pr\u00e9sident du Cercle occitan ;<br data-start=\"308\" data-end=\"311\" \/>Claude Chavence, pr\u00e9sident de la MJC de Gruissan ;<br data-start=\"361\" data-end=\"364\" \/>Doroth\u00e9e Hennebelle, pr\u00e9sidente de l\u2019association <em data-start=\"413\" data-end=\"436\">L\u2019\u00c9cho de la Granh\u00f2ta<\/em> ;<br data-start=\"438\" data-end=\"441\" \/>Marie-France Urtado, pr\u00e9sidente de l\u2019association <em data-start=\"490\" data-end=\"512\">Gruissan d\u2019Autrefois<\/em> ;<br data-start=\"514\" data-end=\"517\" \/>Danielle Heray, \u00e0 l\u2019origine du feu de la Saint-Jean ;<br data-start=\"570\" data-end=\"573\" \/>et les musiciens du groupe <strong data-start=\"600\" data-end=\"622\">Castanha e Vinov\u00e8l<\/strong> (Jean-Brice, Alain et Vietri)<\/p>\n<p>.<img loading=\"lazy\" decoding=\"async\" class=\"alignnone wp-image-10610 size-medium\" src=\"https:\/\/www.lengadoc.eu\/wp-content\/uploads\/2025\/06\/5324225569885375987-600x450.jpg\" alt=\"\" width=\"600\" height=\"450\" srcset=\"https:\/\/www.lengadoc.eu\/wp-content\/uploads\/2025\/06\/5324225569885375987-600x450.jpg 600w, https:\/\/www.lengadoc.eu\/wp-content\/uploads\/2025\/06\/5324225569885375987-768x576.jpg 768w, https:\/\/www.lengadoc.eu\/wp-content\/uploads\/2025\/06\/5324225569885375987-16x12.jpg 16w, https:\/\/www.lengadoc.eu\/wp-content\/uploads\/2025\/06\/5324225569885375987.jpg 1024w\" sizes=\"auto, (max-width: 600px) 100vw, 600px\" \/><\/p>\n<p>&nbsp;<\/p>","protected":false},"excerpt":{"rendered":"<p>Total Festum, c\u2019est le festival des langues et cultures catalanes et occitanes qui rassemble toutes les g\u00e9n\u00e9rations partout en Occitanie\u00a0! En 2025, du 16 mai au 6 juillet, citoyen.ne.s, associations et communes proposent plusieurs rendez-vous festifs, culturels et toujours chaleureux autour du solstice d\u2019\u00e9t\u00e9, des feux de la Saint-Jean et de nos traditions renouvel\u00e9es.Concerts, spectacles, [&hellip;]<\/p>","protected":false},"author":1,"featured_media":10531,"comment_status":"closed","ping_status":"closed","sticky":false,"template":"","format":"standard","meta":{"_monsterinsights_skip_tracking":false,"_monsterinsights_sitenote_active":false,"_monsterinsights_sitenote_note":"","_monsterinsights_sitenote_category":0,"_uf_show_specific_survey":0,"_uf_disable_surveys":false,"footnotes":""},"categories":[249],"tags":[],"class_list":["post-10605","post","type-post","status-publish","format-standard","has-post-thumbnail","hentry","category-evenements"],"yoast_head":"<!-- This site is optimized with the Yoast SEO plugin v24.8.1 - https:\/\/yoast.com\/wordpress\/plugins\/seo\/ -->\n<title>Total Festum Gruissan - Radio Lengadoc<\/title>\n<meta name=\"description\" content=\"Total festum\" \/>\n<meta name=\"robots\" content=\"index, follow, max-snippet:-1, max-image-preview:large, max-video-preview:-1\" \/>\n<link rel=\"canonical\" href=\"https:\/\/www.lengadoc.eu\/oc\/2025\/06\/27\/total-festum-gruissan\/\" \/>\n<meta property=\"og:locale\" content=\"en_US\" \/>\n<meta property=\"og:type\" content=\"article\" \/>\n<meta property=\"og:title\" content=\"Total Festum Gruissan - Radio Lengadoc\" \/>\n<meta property=\"og:description\" content=\"Total festum\" \/>\n<meta property=\"og:url\" content=\"https:\/\/www.lengadoc.eu\/oc\/2025\/06\/27\/total-festum-gruissan\/\" \/>\n<meta property=\"og:site_name\" content=\"Radio Lengadoc\" \/>\n<meta property=\"article:publisher\" content=\"https:\/\/www.facebook.com\/radiolengadoc\" \/>\n<meta property=\"article:published_time\" content=\"2025-06-27T09:26:40+00:00\" \/>\n<meta property=\"article:modified_time\" content=\"2025-07-17T08:23:18+00:00\" \/>\n<meta property=\"og:image\" content=\"https:\/\/www.lengadoc.eu\/wp-content\/uploads\/2025\/06\/Evenements.png\" \/>\n\t<meta property=\"og:image:width\" content=\"2000\" \/>\n\t<meta property=\"og:image:height\" content=\"864\" \/>\n\t<meta property=\"og:image:type\" content=\"image\/png\" \/>\n<meta name=\"author\" content=\"R\u00e0dio Lengad\u00f2c\" \/>\n<meta name=\"twitter:card\" content=\"summary_large_image\" \/>\n<meta name=\"twitter:label1\" content=\"Written by\" \/>\n\t<meta name=\"twitter:data1\" content=\"R\u00e0dio Lengad\u00f2c\" \/>\n\t<meta name=\"twitter:label2\" content=\"Est. reading time\" \/>\n\t<meta name=\"twitter:data2\" content=\"2 minutes\" \/>\n<script type=\"application\/ld+json\" class=\"yoast-schema-graph\">{\"@context\":\"https:\/\/schema.org\",\"@graph\":[{\"@type\":\"Article\",\"@id\":\"https:\/\/www.lengadoc.eu\/2025\/06\/27\/total-festum-gruissan\/#article\",\"isPartOf\":{\"@id\":\"https:\/\/www.lengadoc.eu\/2025\/06\/27\/total-festum-gruissan\/\"},\"author\":{\"name\":\"R\u00e0dio Lengad\u00f2c\",\"@id\":\"https:\/\/www.lengadoc.eu\/#\/schema\/person\/ada8850603ae5533e65203193d829087\"},\"headline\":\"Total Festum Gruissan\",\"datePublished\":\"2025-06-27T09:26:40+00:00\",\"dateModified\":\"2025-07-17T08:23:18+00:00\",\"mainEntityOfPage\":{\"@id\":\"https:\/\/www.lengadoc.eu\/2025\/06\/27\/total-festum-gruissan\/\"},\"wordCount\":195,\"publisher\":{\"@id\":\"https:\/\/www.lengadoc.eu\/#organization\"},\"image\":{\"@id\":\"https:\/\/www.lengadoc.eu\/2025\/06\/27\/total-festum-gruissan\/#primaryimage\"},\"thumbnailUrl\":\"https:\/\/www.lengadoc.eu\/wp-content\/uploads\/2025\/06\/Evenements.png\",\"articleSection\":[\"Ev\u00e9nements\"],\"inLanguage\":\"oc\"},{\"@type\":\"WebPage\",\"@id\":\"https:\/\/www.lengadoc.eu\/2025\/06\/27\/total-festum-gruissan\/\",\"url\":\"https:\/\/www.lengadoc.eu\/2025\/06\/27\/total-festum-gruissan\/\",\"name\":\"Total Festum Gruissan - Radio Lengadoc\",\"isPartOf\":{\"@id\":\"https:\/\/www.lengadoc.eu\/#website\"},\"primaryImageOfPage\":{\"@id\":\"https:\/\/www.lengadoc.eu\/2025\/06\/27\/total-festum-gruissan\/#primaryimage\"},\"image\":{\"@id\":\"https:\/\/www.lengadoc.eu\/2025\/06\/27\/total-festum-gruissan\/#primaryimage\"},\"thumbnailUrl\":\"https:\/\/www.lengadoc.eu\/wp-content\/uploads\/2025\/06\/Evenements.png\",\"datePublished\":\"2025-06-27T09:26:40+00:00\",\"dateModified\":\"2025-07-17T08:23:18+00:00\",\"description\":\"Total festum\",\"breadcrumb\":{\"@id\":\"https:\/\/www.lengadoc.eu\/2025\/06\/27\/total-festum-gruissan\/#breadcrumb\"},\"inLanguage\":\"oc\",\"potentialAction\":[{\"@type\":\"ReadAction\",\"target\":[\"https:\/\/www.lengadoc.eu\/2025\/06\/27\/total-festum-gruissan\/\"]}]},{\"@type\":\"ImageObject\",\"inLanguage\":\"oc\",\"@id\":\"https:\/\/www.lengadoc.eu\/2025\/06\/27\/total-festum-gruissan\/#primaryimage\",\"url\":\"https:\/\/www.lengadoc.eu\/wp-content\/uploads\/2025\/06\/Evenements.png\",\"contentUrl\":\"https:\/\/www.lengadoc.eu\/wp-content\/uploads\/2025\/06\/Evenements.png\",\"width\":2000,\"height\":864},{\"@type\":\"BreadcrumbList\",\"@id\":\"https:\/\/www.lengadoc.eu\/2025\/06\/27\/total-festum-gruissan\/#breadcrumb\",\"itemListElement\":[{\"@type\":\"ListItem\",\"position\":1,\"name\":\"Home\",\"item\":\"https:\/\/www.lengadoc.eu\/\"},{\"@type\":\"ListItem\",\"position\":2,\"name\":\"Total Festum Gruissan\"}]},{\"@type\":\"WebSite\",\"@id\":\"https:\/\/www.lengadoc.eu\/#website\",\"url\":\"https:\/\/www.lengadoc.eu\/\",\"name\":\"Radio Lengadoc\",\"description\":\"La Radio d&#039;Aqu\u00ec\",\"publisher\":{\"@id\":\"https:\/\/www.lengadoc.eu\/#organization\"},\"potentialAction\":[{\"@type\":\"SearchAction\",\"target\":{\"@type\":\"EntryPoint\",\"urlTemplate\":\"https:\/\/www.lengadoc.eu\/?s={search_term_string}\"},\"query-input\":{\"@type\":\"PropertyValueSpecification\",\"valueRequired\":true,\"valueName\":\"search_term_string\"}}],\"inLanguage\":\"oc\"},{\"@type\":\"Organization\",\"@id\":\"https:\/\/www.lengadoc.eu\/#organization\",\"name\":\"R\u00e0dio Lengad\u00f2c\",\"url\":\"https:\/\/www.lengadoc.eu\/\",\"logo\":{\"@type\":\"ImageObject\",\"inLanguage\":\"oc\",\"@id\":\"https:\/\/www.lengadoc.eu\/#\/schema\/logo\/image\/\",\"url\":\"https:\/\/www.lengadoc.eu\/wp-content\/uploads\/2021\/01\/logo-RLO.jpg\",\"contentUrl\":\"https:\/\/www.lengadoc.eu\/wp-content\/uploads\/2021\/01\/logo-RLO.jpg\",\"width\":1958,\"height\":509,\"caption\":\"R\u00e0dio Lengad\u00f2c\"},\"image\":{\"@id\":\"https:\/\/www.lengadoc.eu\/#\/schema\/logo\/image\/\"},\"sameAs\":[\"https:\/\/www.facebook.com\/radiolengadoc\",\"https:\/\/www.instagram.com\/radiolengadoc\"]},{\"@type\":\"Person\",\"@id\":\"https:\/\/www.lengadoc.eu\/#\/schema\/person\/ada8850603ae5533e65203193d829087\",\"name\":\"R\u00e0dio Lengad\u00f2c\",\"sameAs\":[\"http:\/\/www.lengadoc.eu\"]}]}<\/script>\n<!-- \/ Yoast SEO plugin. -->","yoast_head_json":{"title":"Total Festum Gruissan - Radio Lengadoc","description":"Total festum","robots":{"index":"index","follow":"follow","max-snippet":"max-snippet:-1","max-image-preview":"max-image-preview:large","max-video-preview":"max-video-preview:-1"},"canonical":"https:\/\/www.lengadoc.eu\/oc\/2025\/06\/27\/total-festum-gruissan\/","og_locale":"en_US","og_type":"article","og_title":"Total Festum Gruissan - Radio Lengadoc","og_description":"Total festum","og_url":"https:\/\/www.lengadoc.eu\/oc\/2025\/06\/27\/total-festum-gruissan\/","og_site_name":"Radio Lengadoc","article_publisher":"https:\/\/www.facebook.com\/radiolengadoc","article_published_time":"2025-06-27T09:26:40+00:00","article_modified_time":"2025-07-17T08:23:18+00:00","og_image":[{"width":2000,"height":864,"url":"https:\/\/www.lengadoc.eu\/wp-content\/uploads\/2025\/06\/Evenements.png","type":"image\/png"}],"author":"R\u00e0dio Lengad\u00f2c","twitter_card":"summary_large_image","twitter_misc":{"Written by":"R\u00e0dio Lengad\u00f2c","Est. reading time":"2 minutes"},"schema":{"@context":"https:\/\/schema.org","@graph":[{"@type":"Article","@id":"https:\/\/www.lengadoc.eu\/2025\/06\/27\/total-festum-gruissan\/#article","isPartOf":{"@id":"https:\/\/www.lengadoc.eu\/2025\/06\/27\/total-festum-gruissan\/"},"author":{"name":"R\u00e0dio Lengad\u00f2c","@id":"https:\/\/www.lengadoc.eu\/#\/schema\/person\/ada8850603ae5533e65203193d829087"},"headline":"Total Festum Gruissan","datePublished":"2025-06-27T09:26:40+00:00","dateModified":"2025-07-17T08:23:18+00:00","mainEntityOfPage":{"@id":"https:\/\/www.lengadoc.eu\/2025\/06\/27\/total-festum-gruissan\/"},"wordCount":195,"publisher":{"@id":"https:\/\/www.lengadoc.eu\/#organization"},"image":{"@id":"https:\/\/www.lengadoc.eu\/2025\/06\/27\/total-festum-gruissan\/#primaryimage"},"thumbnailUrl":"https:\/\/www.lengadoc.eu\/wp-content\/uploads\/2025\/06\/Evenements.png","articleSection":["Ev\u00e9nements"],"inLanguage":"oc"},{"@type":"WebPage","@id":"https:\/\/www.lengadoc.eu\/2025\/06\/27\/total-festum-gruissan\/","url":"https:\/\/www.lengadoc.eu\/2025\/06\/27\/total-festum-gruissan\/","name":"Total Festum Gruissan - Radio Lengadoc","isPartOf":{"@id":"https:\/\/www.lengadoc.eu\/#website"},"primaryImageOfPage":{"@id":"https:\/\/www.lengadoc.eu\/2025\/06\/27\/total-festum-gruissan\/#primaryimage"},"image":{"@id":"https:\/\/www.lengadoc.eu\/2025\/06\/27\/total-festum-gruissan\/#primaryimage"},"thumbnailUrl":"https:\/\/www.lengadoc.eu\/wp-content\/uploads\/2025\/06\/Evenements.png","datePublished":"2025-06-27T09:26:40+00:00","dateModified":"2025-07-17T08:23:18+00:00","description":"Total festum","breadcrumb":{"@id":"https:\/\/www.lengadoc.eu\/2025\/06\/27\/total-festum-gruissan\/#breadcrumb"},"inLanguage":"oc","potentialAction":[{"@type":"ReadAction","target":["https:\/\/www.lengadoc.eu\/2025\/06\/27\/total-festum-gruissan\/"]}]},{"@type":"ImageObject","inLanguage":"oc","@id":"https:\/\/www.lengadoc.eu\/2025\/06\/27\/total-festum-gruissan\/#primaryimage","url":"https:\/\/www.lengadoc.eu\/wp-content\/uploads\/2025\/06\/Evenements.png","contentUrl":"https:\/\/www.lengadoc.eu\/wp-content\/uploads\/2025\/06\/Evenements.png","width":2000,"height":864},{"@type":"BreadcrumbList","@id":"https:\/\/www.lengadoc.eu\/2025\/06\/27\/total-festum-gruissan\/#breadcrumb","itemListElement":[{"@type":"ListItem","position":1,"name":"Home","item":"https:\/\/www.lengadoc.eu\/"},{"@type":"ListItem","position":2,"name":"Total Festum Gruissan"}]},{"@type":"WebSite","@id":"https:\/\/www.lengadoc.eu\/#website","url":"https:\/\/www.lengadoc.eu\/","name":"Radio Lengadoc","description":"La Radio d&#039;Aqu\u00ec","publisher":{"@id":"https:\/\/www.lengadoc.eu\/#organization"},"potentialAction":[{"@type":"SearchAction","target":{"@type":"EntryPoint","urlTemplate":"https:\/\/www.lengadoc.eu\/?s={search_term_string}"},"query-input":{"@type":"PropertyValueSpecification","valueRequired":true,"valueName":"search_term_string"}}],"inLanguage":"oc"},{"@type":"Organization","@id":"https:\/\/www.lengadoc.eu\/#organization","name":"R\u00e0dio Lengad\u00f2c","url":"https:\/\/www.lengadoc.eu\/","logo":{"@type":"ImageObject","inLanguage":"oc","@id":"https:\/\/www.lengadoc.eu\/#\/schema\/logo\/image\/","url":"https:\/\/www.lengadoc.eu\/wp-content\/uploads\/2021\/01\/logo-RLO.jpg","contentUrl":"https:\/\/www.lengadoc.eu\/wp-content\/uploads\/2021\/01\/logo-RLO.jpg","width":1958,"height":509,"caption":"R\u00e0dio Lengad\u00f2c"},"image":{"@id":"https:\/\/www.lengadoc.eu\/#\/schema\/logo\/image\/"},"sameAs":["https:\/\/www.facebook.com\/radiolengadoc","https:\/\/www.instagram.com\/radiolengadoc"]},{"@type":"Person","@id":"https:\/\/www.lengadoc.eu\/#\/schema\/person\/ada8850603ae5533e65203193d829087","name":"R\u00e0dio Lengad\u00f2c","sameAs":["http:\/\/www.lengadoc.eu"]}]}},"_links":{"self":[{"href":"https:\/\/www.lengadoc.eu\/oc\/wp-json\/wp\/v2\/posts\/10605","targetHints":{"allow":["GET"]}}],"collection":[{"href":"https:\/\/www.lengadoc.eu\/oc\/wp-json\/wp\/v2\/posts"}],"about":[{"href":"https:\/\/www.lengadoc.eu\/oc\/wp-json\/wp\/v2\/types\/post"}],"author":[{"embeddable":true,"href":"https:\/\/www.lengadoc.eu\/oc\/wp-json\/wp\/v2\/users\/1"}],"replies":[{"embeddable":true,"href":"https:\/\/www.lengadoc.eu\/oc\/wp-json\/wp\/v2\/comments?post=10605"}],"version-history":[{"count":0,"href":"https:\/\/www.lengadoc.eu\/oc\/wp-json\/wp\/v2\/posts\/10605\/revisions"}],"wp:featuredmedia":[{"embeddable":true,"href":"https:\/\/www.lengadoc.eu\/oc\/wp-json\/wp\/v2\/media\/10531"}],"wp:attachment":[{"href":"https:\/\/www.lengadoc.eu\/oc\/wp-json\/wp\/v2\/media?parent=10605"}],"wp:term":[{"taxonomy":"category","embeddable":true,"href":"https:\/\/www.lengadoc.eu\/oc\/wp-json\/wp\/v2\/categories?post=10605"},{"taxonomy":"post_tag","embeddable":true,"href":"https:\/\/www.lengadoc.eu\/oc\/wp-json\/wp\/v2\/tags?post=10605"}],"curies":[{"name":"wp","href":"https:\/\/api.w.org\/{rel}","templated":true}]}}