{"id":10481,"date":"2025-06-02T09:56:46","date_gmt":"2025-06-02T08:56:46","guid":{"rendered":"https:\/\/www.lengadoc.eu\/?p=10481"},"modified":"2025-06-02T11:51:18","modified_gmt":"2025-06-02T09:51:18","slug":"faiseur-dimage-passeur-dhistoire","status":"publish","type":"post","link":"https:\/\/www.lengadoc.eu\/oc\/2025\/06\/02\/faiseur-dimage-passeur-dhistoire\/","title":{"rendered":"Exposition : Faiseur d&rsquo;Image Passeur d&rsquo;Histoire"},"content":{"rendered":"<!--[if lt IE 9]><script>document.createElement('audio');<\/script><![endif]-->\n<audio class=\"wp-audio-shortcode\" id=\"audio-10481-1\" preload=\"none\" style=\"width: 100%;\" controls=\"controls\"><source type=\"audio\/mpeg\" src=\"https:\/\/www.lengadoc.eu\/wp-content\/uploads\/2025\/06\/Evenements.mp3?_=1\" \/><a href=\"https:\/\/www.lengadoc.eu\/wp-content\/uploads\/2025\/06\/Evenements.mp3\">https:\/\/www.lengadoc.eu\/wp-content\/uploads\/2025\/06\/Evenements.mp3<\/a><\/audio>\n<p>FR<\/p>\n<p>Dans cet \u00e9pisode consacr\u00e9 \u00e0 l\u2019exposition <em data-start=\"113\" data-end=\"152\">Faiseur d\u2019images, passeur d\u2019histoires<\/em>, Liam re\u00e7oit trois artistes et enseignants de l\u2019Aude : Tana, Nathalie Grangis et Edhen. Ensemble, ils reviennent sur leur d\u00e9marche artistique et les \u0153uvres pr\u00e9sent\u00e9es dans cette exposition visible jusqu\u2019au samedi 7 juin.<\/p>\n<p>&nbsp;<\/p>\n<p>OC<\/p>\n<p>Dins aqueste epis\u00f2di, consacrat a l\u2019exposicion <em data-start=\"117\" data-end=\"158\">Faiseire d\u2019imatges, passeire d\u2019ist\u00f2rias<\/em>, Liam entrevista tres artistas e professors audencs : Tana, Nathalie Grangis e Edhen. Parlan de lor trabalh e de l\u2019exposicion que dem\u00f2ra visibla fins al dissabte 7 de junh.<\/p>","protected":false},"excerpt":{"rendered":"<p>FR Dans cet \u00e9pisode consacr\u00e9 \u00e0 l\u2019exposition Faiseur d\u2019images, passeur d\u2019histoires, Liam re\u00e7oit trois artistes et enseignants de l\u2019Aude : Tana, Nathalie Grangis et Edhen. Ensemble, ils reviennent sur leur d\u00e9marche artistique et les \u0153uvres pr\u00e9sent\u00e9es dans cette exposition visible jusqu\u2019au samedi 7 juin. &nbsp; OC Dins aqueste epis\u00f2di, consacrat a l\u2019exposicion Faiseire d\u2019imatges, passeire [&hellip;]<\/p>","protected":false},"author":1,"featured_media":10531,"comment_status":"closed","ping_status":"closed","sticky":false,"template":"","format":"standard","meta":{"_monsterinsights_skip_tracking":false,"_monsterinsights_sitenote_active":false,"_monsterinsights_sitenote_note":"","_monsterinsights_sitenote_category":0,"_uf_show_specific_survey":0,"_uf_disable_surveys":false,"footnotes":""},"categories":[249],"tags":[],"class_list":["post-10481","post","type-post","status-publish","format-standard","has-post-thumbnail","hentry","category-evenements"],"yoast_head":"<!-- This site is optimized with the Yoast SEO plugin v24.8.1 - https:\/\/yoast.com\/wordpress\/plugins\/seo\/ -->\n<title>Exposition : Faiseur d&#039;Image Passeur d&#039;Histoire - Radio Lengadoc<\/title>\n<meta name=\"description\" content=\"Dans cet \u00e9pisode consacr\u00e9 \u00e0 l\u2019exposition Faiseur d\u2019images, passeur d\u2019histoires, Liam re\u00e7oit trois artistes et enseignants de l\u2019Aude\" \/>\n<meta name=\"robots\" content=\"index, follow, max-snippet:-1, max-image-preview:large, max-video-preview:-1\" \/>\n<link rel=\"canonical\" href=\"https:\/\/www.lengadoc.eu\/oc\/2025\/06\/02\/faiseur-dimage-passeur-dhistoire\/\" \/>\n<meta property=\"og:locale\" content=\"en_US\" \/>\n<meta property=\"og:type\" content=\"article\" \/>\n<meta property=\"og:title\" content=\"Exposition : Faiseur d&#039;Image Passeur d&#039;Histoire - Radio Lengadoc\" \/>\n<meta property=\"og:description\" content=\"Dans cet \u00e9pisode consacr\u00e9 \u00e0 l\u2019exposition Faiseur d\u2019images, passeur d\u2019histoires, Liam re\u00e7oit trois artistes et enseignants de l\u2019Aude\" \/>\n<meta property=\"og:url\" content=\"https:\/\/www.lengadoc.eu\/oc\/2025\/06\/02\/faiseur-dimage-passeur-dhistoire\/\" \/>\n<meta property=\"og:site_name\" content=\"Radio Lengadoc\" \/>\n<meta property=\"article:publisher\" content=\"https:\/\/www.facebook.com\/radiolengadoc\" \/>\n<meta property=\"article:published_time\" content=\"2025-06-02T08:56:46+00:00\" \/>\n<meta property=\"article:modified_time\" content=\"2025-06-02T09:51:18+00:00\" \/>\n<meta property=\"og:image\" content=\"https:\/\/www.lengadoc.eu\/wp-content\/uploads\/2025\/06\/Evenements.png\" \/>\n\t<meta property=\"og:image:width\" content=\"2000\" \/>\n\t<meta property=\"og:image:height\" content=\"864\" \/>\n\t<meta property=\"og:image:type\" content=\"image\/png\" \/>\n<meta name=\"author\" content=\"R\u00e0dio Lengad\u00f2c\" \/>\n<meta name=\"twitter:card\" content=\"summary_large_image\" \/>\n<meta name=\"twitter:label1\" content=\"Written by\" \/>\n\t<meta name=\"twitter:data1\" content=\"R\u00e0dio Lengad\u00f2c\" \/>\n\t<meta name=\"twitter:label2\" content=\"Est. reading time\" \/>\n\t<meta name=\"twitter:data2\" content=\"1 minute\" \/>\n<script type=\"application\/ld+json\" class=\"yoast-schema-graph\">{\"@context\":\"https:\/\/schema.org\",\"@graph\":[{\"@type\":\"Article\",\"@id\":\"https:\/\/www.lengadoc.eu\/2025\/06\/02\/faiseur-dimage-passeur-dhistoire\/#article\",\"isPartOf\":{\"@id\":\"https:\/\/www.lengadoc.eu\/2025\/06\/02\/faiseur-dimage-passeur-dhistoire\/\"},\"author\":{\"name\":\"R\u00e0dio Lengad\u00f2c\",\"@id\":\"https:\/\/www.lengadoc.eu\/#\/schema\/person\/ada8850603ae5533e65203193d829087\"},\"headline\":\"Exposition : Faiseur d&rsquo;Image Passeur d&rsquo;Histoire\",\"datePublished\":\"2025-06-02T08:56:46+00:00\",\"dateModified\":\"2025-06-02T09:51:18+00:00\",\"mainEntityOfPage\":{\"@id\":\"https:\/\/www.lengadoc.eu\/2025\/06\/02\/faiseur-dimage-passeur-dhistoire\/\"},\"wordCount\":112,\"publisher\":{\"@id\":\"https:\/\/www.lengadoc.eu\/#organization\"},\"image\":{\"@id\":\"https:\/\/www.lengadoc.eu\/2025\/06\/02\/faiseur-dimage-passeur-dhistoire\/#primaryimage\"},\"thumbnailUrl\":\"https:\/\/www.lengadoc.eu\/wp-content\/uploads\/2025\/06\/Evenements.png\",\"articleSection\":[\"Ev\u00e9nements\"],\"inLanguage\":\"oc\"},{\"@type\":\"WebPage\",\"@id\":\"https:\/\/www.lengadoc.eu\/2025\/06\/02\/faiseur-dimage-passeur-dhistoire\/\",\"url\":\"https:\/\/www.lengadoc.eu\/2025\/06\/02\/faiseur-dimage-passeur-dhistoire\/\",\"name\":\"Exposition : Faiseur d'Image Passeur d'Histoire - Radio Lengadoc\",\"isPartOf\":{\"@id\":\"https:\/\/www.lengadoc.eu\/#website\"},\"primaryImageOfPage\":{\"@id\":\"https:\/\/www.lengadoc.eu\/2025\/06\/02\/faiseur-dimage-passeur-dhistoire\/#primaryimage\"},\"image\":{\"@id\":\"https:\/\/www.lengadoc.eu\/2025\/06\/02\/faiseur-dimage-passeur-dhistoire\/#primaryimage\"},\"thumbnailUrl\":\"https:\/\/www.lengadoc.eu\/wp-content\/uploads\/2025\/06\/Evenements.png\",\"datePublished\":\"2025-06-02T08:56:46+00:00\",\"dateModified\":\"2025-06-02T09:51:18+00:00\",\"description\":\"Dans cet \u00e9pisode consacr\u00e9 \u00e0 l\u2019exposition Faiseur d\u2019images, passeur d\u2019histoires, Liam re\u00e7oit trois artistes et enseignants de l\u2019Aude\",\"breadcrumb\":{\"@id\":\"https:\/\/www.lengadoc.eu\/2025\/06\/02\/faiseur-dimage-passeur-dhistoire\/#breadcrumb\"},\"inLanguage\":\"oc\",\"potentialAction\":[{\"@type\":\"ReadAction\",\"target\":[\"https:\/\/www.lengadoc.eu\/2025\/06\/02\/faiseur-dimage-passeur-dhistoire\/\"]}]},{\"@type\":\"ImageObject\",\"inLanguage\":\"oc\",\"@id\":\"https:\/\/www.lengadoc.eu\/2025\/06\/02\/faiseur-dimage-passeur-dhistoire\/#primaryimage\",\"url\":\"https:\/\/www.lengadoc.eu\/wp-content\/uploads\/2025\/06\/Evenements.png\",\"contentUrl\":\"https:\/\/www.lengadoc.eu\/wp-content\/uploads\/2025\/06\/Evenements.png\",\"width\":2000,\"height\":864},{\"@type\":\"BreadcrumbList\",\"@id\":\"https:\/\/www.lengadoc.eu\/2025\/06\/02\/faiseur-dimage-passeur-dhistoire\/#breadcrumb\",\"itemListElement\":[{\"@type\":\"ListItem\",\"position\":1,\"name\":\"Home\",\"item\":\"https:\/\/www.lengadoc.eu\/\"},{\"@type\":\"ListItem\",\"position\":2,\"name\":\"Exposition : Faiseur d&rsquo;Image Passeur d&rsquo;Histoire\"}]},{\"@type\":\"WebSite\",\"@id\":\"https:\/\/www.lengadoc.eu\/#website\",\"url\":\"https:\/\/www.lengadoc.eu\/\",\"name\":\"Radio Lengadoc\",\"description\":\"La Radio d&#039;Aqu\u00ec\",\"publisher\":{\"@id\":\"https:\/\/www.lengadoc.eu\/#organization\"},\"potentialAction\":[{\"@type\":\"SearchAction\",\"target\":{\"@type\":\"EntryPoint\",\"urlTemplate\":\"https:\/\/www.lengadoc.eu\/?s={search_term_string}\"},\"query-input\":{\"@type\":\"PropertyValueSpecification\",\"valueRequired\":true,\"valueName\":\"search_term_string\"}}],\"inLanguage\":\"oc\"},{\"@type\":\"Organization\",\"@id\":\"https:\/\/www.lengadoc.eu\/#organization\",\"name\":\"R\u00e0dio Lengad\u00f2c\",\"url\":\"https:\/\/www.lengadoc.eu\/\",\"logo\":{\"@type\":\"ImageObject\",\"inLanguage\":\"oc\",\"@id\":\"https:\/\/www.lengadoc.eu\/#\/schema\/logo\/image\/\",\"url\":\"https:\/\/www.lengadoc.eu\/wp-content\/uploads\/2021\/01\/logo-RLO.jpg\",\"contentUrl\":\"https:\/\/www.lengadoc.eu\/wp-content\/uploads\/2021\/01\/logo-RLO.jpg\",\"width\":1958,\"height\":509,\"caption\":\"R\u00e0dio Lengad\u00f2c\"},\"image\":{\"@id\":\"https:\/\/www.lengadoc.eu\/#\/schema\/logo\/image\/\"},\"sameAs\":[\"https:\/\/www.facebook.com\/radiolengadoc\",\"https:\/\/www.instagram.com\/radiolengadoc\"]},{\"@type\":\"Person\",\"@id\":\"https:\/\/www.lengadoc.eu\/#\/schema\/person\/ada8850603ae5533e65203193d829087\",\"name\":\"R\u00e0dio Lengad\u00f2c\",\"sameAs\":[\"http:\/\/www.lengadoc.eu\"]}]}<\/script>\n<!-- \/ Yoast SEO plugin. -->","yoast_head_json":{"title":"Exposition : Faiseur d'Image Passeur d'Histoire - Radio Lengadoc","description":"Dans cet \u00e9pisode consacr\u00e9 \u00e0 l\u2019exposition Faiseur d\u2019images, passeur d\u2019histoires, Liam re\u00e7oit trois artistes et enseignants de l\u2019Aude","robots":{"index":"index","follow":"follow","max-snippet":"max-snippet:-1","max-image-preview":"max-image-preview:large","max-video-preview":"max-video-preview:-1"},"canonical":"https:\/\/www.lengadoc.eu\/oc\/2025\/06\/02\/faiseur-dimage-passeur-dhistoire\/","og_locale":"en_US","og_type":"article","og_title":"Exposition : Faiseur d'Image Passeur d'Histoire - Radio Lengadoc","og_description":"Dans cet \u00e9pisode consacr\u00e9 \u00e0 l\u2019exposition Faiseur d\u2019images, passeur d\u2019histoires, Liam re\u00e7oit trois artistes et enseignants de l\u2019Aude","og_url":"https:\/\/www.lengadoc.eu\/oc\/2025\/06\/02\/faiseur-dimage-passeur-dhistoire\/","og_site_name":"Radio Lengadoc","article_publisher":"https:\/\/www.facebook.com\/radiolengadoc","article_published_time":"2025-06-02T08:56:46+00:00","article_modified_time":"2025-06-02T09:51:18+00:00","og_image":[{"width":2000,"height":864,"url":"https:\/\/www.lengadoc.eu\/wp-content\/uploads\/2025\/06\/Evenements.png","type":"image\/png"}],"author":"R\u00e0dio Lengad\u00f2c","twitter_card":"summary_large_image","twitter_misc":{"Written by":"R\u00e0dio Lengad\u00f2c","Est. reading time":"1 minute"},"schema":{"@context":"https:\/\/schema.org","@graph":[{"@type":"Article","@id":"https:\/\/www.lengadoc.eu\/2025\/06\/02\/faiseur-dimage-passeur-dhistoire\/#article","isPartOf":{"@id":"https:\/\/www.lengadoc.eu\/2025\/06\/02\/faiseur-dimage-passeur-dhistoire\/"},"author":{"name":"R\u00e0dio Lengad\u00f2c","@id":"https:\/\/www.lengadoc.eu\/#\/schema\/person\/ada8850603ae5533e65203193d829087"},"headline":"Exposition : Faiseur d&rsquo;Image Passeur d&rsquo;Histoire","datePublished":"2025-06-02T08:56:46+00:00","dateModified":"2025-06-02T09:51:18+00:00","mainEntityOfPage":{"@id":"https:\/\/www.lengadoc.eu\/2025\/06\/02\/faiseur-dimage-passeur-dhistoire\/"},"wordCount":112,"publisher":{"@id":"https:\/\/www.lengadoc.eu\/#organization"},"image":{"@id":"https:\/\/www.lengadoc.eu\/2025\/06\/02\/faiseur-dimage-passeur-dhistoire\/#primaryimage"},"thumbnailUrl":"https:\/\/www.lengadoc.eu\/wp-content\/uploads\/2025\/06\/Evenements.png","articleSection":["Ev\u00e9nements"],"inLanguage":"oc"},{"@type":"WebPage","@id":"https:\/\/www.lengadoc.eu\/2025\/06\/02\/faiseur-dimage-passeur-dhistoire\/","url":"https:\/\/www.lengadoc.eu\/2025\/06\/02\/faiseur-dimage-passeur-dhistoire\/","name":"Exposition : Faiseur d'Image Passeur d'Histoire - Radio Lengadoc","isPartOf":{"@id":"https:\/\/www.lengadoc.eu\/#website"},"primaryImageOfPage":{"@id":"https:\/\/www.lengadoc.eu\/2025\/06\/02\/faiseur-dimage-passeur-dhistoire\/#primaryimage"},"image":{"@id":"https:\/\/www.lengadoc.eu\/2025\/06\/02\/faiseur-dimage-passeur-dhistoire\/#primaryimage"},"thumbnailUrl":"https:\/\/www.lengadoc.eu\/wp-content\/uploads\/2025\/06\/Evenements.png","datePublished":"2025-06-02T08:56:46+00:00","dateModified":"2025-06-02T09:51:18+00:00","description":"Dans cet \u00e9pisode consacr\u00e9 \u00e0 l\u2019exposition Faiseur d\u2019images, passeur d\u2019histoires, Liam re\u00e7oit trois artistes et enseignants de l\u2019Aude","breadcrumb":{"@id":"https:\/\/www.lengadoc.eu\/2025\/06\/02\/faiseur-dimage-passeur-dhistoire\/#breadcrumb"},"inLanguage":"oc","potentialAction":[{"@type":"ReadAction","target":["https:\/\/www.lengadoc.eu\/2025\/06\/02\/faiseur-dimage-passeur-dhistoire\/"]}]},{"@type":"ImageObject","inLanguage":"oc","@id":"https:\/\/www.lengadoc.eu\/2025\/06\/02\/faiseur-dimage-passeur-dhistoire\/#primaryimage","url":"https:\/\/www.lengadoc.eu\/wp-content\/uploads\/2025\/06\/Evenements.png","contentUrl":"https:\/\/www.lengadoc.eu\/wp-content\/uploads\/2025\/06\/Evenements.png","width":2000,"height":864},{"@type":"BreadcrumbList","@id":"https:\/\/www.lengadoc.eu\/2025\/06\/02\/faiseur-dimage-passeur-dhistoire\/#breadcrumb","itemListElement":[{"@type":"ListItem","position":1,"name":"Home","item":"https:\/\/www.lengadoc.eu\/"},{"@type":"ListItem","position":2,"name":"Exposition : Faiseur d&rsquo;Image Passeur d&rsquo;Histoire"}]},{"@type":"WebSite","@id":"https:\/\/www.lengadoc.eu\/#website","url":"https:\/\/www.lengadoc.eu\/","name":"Radio Lengadoc","description":"La Radio d&#039;Aqu\u00ec","publisher":{"@id":"https:\/\/www.lengadoc.eu\/#organization"},"potentialAction":[{"@type":"SearchAction","target":{"@type":"EntryPoint","urlTemplate":"https:\/\/www.lengadoc.eu\/?s={search_term_string}"},"query-input":{"@type":"PropertyValueSpecification","valueRequired":true,"valueName":"search_term_string"}}],"inLanguage":"oc"},{"@type":"Organization","@id":"https:\/\/www.lengadoc.eu\/#organization","name":"R\u00e0dio Lengad\u00f2c","url":"https:\/\/www.lengadoc.eu\/","logo":{"@type":"ImageObject","inLanguage":"oc","@id":"https:\/\/www.lengadoc.eu\/#\/schema\/logo\/image\/","url":"https:\/\/www.lengadoc.eu\/wp-content\/uploads\/2021\/01\/logo-RLO.jpg","contentUrl":"https:\/\/www.lengadoc.eu\/wp-content\/uploads\/2021\/01\/logo-RLO.jpg","width":1958,"height":509,"caption":"R\u00e0dio Lengad\u00f2c"},"image":{"@id":"https:\/\/www.lengadoc.eu\/#\/schema\/logo\/image\/"},"sameAs":["https:\/\/www.facebook.com\/radiolengadoc","https:\/\/www.instagram.com\/radiolengadoc"]},{"@type":"Person","@id":"https:\/\/www.lengadoc.eu\/#\/schema\/person\/ada8850603ae5533e65203193d829087","name":"R\u00e0dio Lengad\u00f2c","sameAs":["http:\/\/www.lengadoc.eu"]}]}},"_links":{"self":[{"href":"https:\/\/www.lengadoc.eu\/oc\/wp-json\/wp\/v2\/posts\/10481","targetHints":{"allow":["GET"]}}],"collection":[{"href":"https:\/\/www.lengadoc.eu\/oc\/wp-json\/wp\/v2\/posts"}],"about":[{"href":"https:\/\/www.lengadoc.eu\/oc\/wp-json\/wp\/v2\/types\/post"}],"author":[{"embeddable":true,"href":"https:\/\/www.lengadoc.eu\/oc\/wp-json\/wp\/v2\/users\/1"}],"replies":[{"embeddable":true,"href":"https:\/\/www.lengadoc.eu\/oc\/wp-json\/wp\/v2\/comments?post=10481"}],"version-history":[{"count":0,"href":"https:\/\/www.lengadoc.eu\/oc\/wp-json\/wp\/v2\/posts\/10481\/revisions"}],"wp:featuredmedia":[{"embeddable":true,"href":"https:\/\/www.lengadoc.eu\/oc\/wp-json\/wp\/v2\/media\/10531"}],"wp:attachment":[{"href":"https:\/\/www.lengadoc.eu\/oc\/wp-json\/wp\/v2\/media?parent=10481"}],"wp:term":[{"taxonomy":"category","embeddable":true,"href":"https:\/\/www.lengadoc.eu\/oc\/wp-json\/wp\/v2\/categories?post=10481"},{"taxonomy":"post_tag","embeddable":true,"href":"https:\/\/www.lengadoc.eu\/oc\/wp-json\/wp\/v2\/tags?post=10481"}],"curies":[{"name":"wp","href":"https:\/\/api.w.org\/{rel}","templated":true}]}}