{"id":10442,"date":"2025-05-25T19:29:29","date_gmt":"2025-05-25T18:29:29","guid":{"rendered":"https:\/\/www.lengadoc.eu\/?p=10442"},"modified":"2025-05-25T19:31:00","modified_gmt":"2025-05-25T18:31:00","slug":"sagene-halle-beziers","status":"publish","type":"post","link":"https:\/\/www.lengadoc.eu\/oc\/2025\/05\/25\/sagene-halle-beziers\/","title":{"rendered":"Monsieur Sagene &#8211; Hallegria"},"content":{"rendered":"<!--[if lt IE 9]><script>document.createElement('audio');<\/script><![endif]-->\n<audio class=\"wp-audio-shortcode\" id=\"audio-10442-1\" preload=\"none\" style=\"width: 100%;\" controls=\"controls\"><source type=\"audio\/mpeg\" src=\"https:\/\/www.lengadoc.eu\/wp-content\/uploads\/2025\/05\/SAGENE.mp3?_=1\" \/><a href=\"https:\/\/www.lengadoc.eu\/wp-content\/uploads\/2025\/05\/SAGENE.mp3\">https:\/\/www.lengadoc.eu\/wp-content\/uploads\/2025\/05\/SAGENE.mp3<\/a><\/audio>\n<p>Ce week-end, Monsieur Sagene s\u2019est invit\u00e9 \u00e0 l\u2019Hall\u00e9gria, au c\u0153ur des Halles de B\u00e9ziers, pour une \u00e9mission pas comme les autres.<\/p>\n<p>Entre deux riffs de guitare et quelques interventions (toujours un peu trop s\u00fbres d\u2019elles) de notre IA pr\u00e9f\u00e9r\u00e9e, nous avons tendu le micro aux artisans et commer\u00e7ants qui font battre le c\u0153ur de ce lieu embl\u00e9matique. Fromager passionn\u00e9, boucher de g\u00e9n\u00e9ration en g\u00e9n\u00e9ration, torr\u00e9factrice engag\u00e9e\u2026 chacun a partag\u00e9 un bout de son histoire, de son savoir-faire, et de son lien avec ce lieu si vivant.<\/p>\n<p>\ud83c\udfb6 Le tout dans une ambiance musicale port\u00e9e par Jef et Alain, avec, en bruit de fond, l\u2019agitation joyeuse des Halles, le tintement des verres, et les \u00e9clats de voix des habitu\u00e9s.<\/p>\n<p>Et puisque les Halles de B\u00e9ziers sont en lice pour devenir l\u2019un des Plus Beaux March\u00e9s de France, on ne pouvait r\u00eaver meilleur moment pour rappeler \u00e0 quel point ce lieu est bien plus qu\u2019un simple espace de commerce : c\u2019est un lieu de vie, de culture, de lien social.<\/p>\n<p>Monsieur Sagene, lui, pense d\u00e9j\u00e0 \u00e0 revenir\u2026 mais uniquement si on lui laisse choisir la playlist.<\/p>\n<p>&nbsp;<\/p>\n<p>Le Vote : https:\/\/www.tf1info.fr\/votre-plus-beau-marche\/marche-languedoc-roussillon-13265\/<\/p>","protected":false},"excerpt":{"rendered":"<p>Ce week-end, Monsieur Sagene s\u2019est invit\u00e9 \u00e0 l\u2019Hall\u00e9gria, au c\u0153ur des Halles de B\u00e9ziers, pour une \u00e9mission pas comme les autres. Entre deux riffs de guitare et quelques interventions (toujours un peu trop s\u00fbres d\u2019elles) de notre IA pr\u00e9f\u00e9r\u00e9e, nous avons tendu le micro aux artisans et commer\u00e7ants qui font battre le c\u0153ur de ce [&hellip;]<\/p>","protected":false},"author":1,"featured_media":10444,"comment_status":"closed","ping_status":"closed","sticky":false,"template":"","format":"standard","meta":{"_monsterinsights_skip_tracking":false,"_monsterinsights_sitenote_active":false,"_monsterinsights_sitenote_note":"","_monsterinsights_sitenote_category":0,"_uf_show_specific_survey":0,"_uf_disable_surveys":false,"footnotes":""},"categories":[249],"tags":[],"class_list":["post-10442","post","type-post","status-publish","format-standard","has-post-thumbnail","hentry","category-evenements"],"yoast_head":"<!-- This site is optimized with the Yoast SEO plugin v24.8.1 - https:\/\/yoast.com\/wordpress\/plugins\/seo\/ -->\n<title>Monsieur Sagene - Hallegria - Radio Lengadoc<\/title>\n<meta name=\"description\" content=\"\u00c9coutez R\u00e0dio Lengad\u00f2c en ligne, retrouvez notre grille des programmes, vos chroniques pr\u00e9f\u00e9r\u00e9es, podcasts et plus encore sur lengadoc.eu.\" \/>\n<meta name=\"robots\" content=\"index, follow, max-snippet:-1, max-image-preview:large, max-video-preview:-1\" \/>\n<link rel=\"canonical\" href=\"https:\/\/www.lengadoc.eu\/oc\/2025\/05\/25\/sagene-halle-beziers\/\" \/>\n<meta property=\"og:locale\" content=\"en_US\" \/>\n<meta property=\"og:type\" content=\"article\" \/>\n<meta property=\"og:title\" content=\"Monsieur Sagene - Hallegria - Radio Lengadoc\" \/>\n<meta property=\"og:description\" content=\"\u00c9coutez R\u00e0dio Lengad\u00f2c en ligne, retrouvez notre grille des programmes, vos chroniques pr\u00e9f\u00e9r\u00e9es, podcasts et plus encore sur lengadoc.eu.\" \/>\n<meta property=\"og:url\" content=\"https:\/\/www.lengadoc.eu\/oc\/2025\/05\/25\/sagene-halle-beziers\/\" \/>\n<meta property=\"og:site_name\" content=\"Radio Lengadoc\" \/>\n<meta property=\"article:publisher\" content=\"https:\/\/www.facebook.com\/radiolengadoc\" \/>\n<meta property=\"article:published_time\" content=\"2025-05-25T18:29:29+00:00\" \/>\n<meta property=\"article:modified_time\" content=\"2025-05-25T18:31:00+00:00\" \/>\n<meta property=\"og:image\" content=\"https:\/\/www.lengadoc.eu\/wp-content\/uploads\/2025\/05\/monsieur-sagene-concert-halles-beziers.jpg\" \/>\n\t<meta property=\"og:image:width\" content=\"1414\" \/>\n\t<meta property=\"og:image:height\" content=\"2000\" \/>\n\t<meta property=\"og:image:type\" content=\"image\/jpeg\" \/>\n<meta name=\"author\" content=\"R\u00e0dio Lengad\u00f2c\" \/>\n<meta name=\"twitter:card\" content=\"summary_large_image\" \/>\n<meta name=\"twitter:label1\" content=\"Written by\" \/>\n\t<meta name=\"twitter:data1\" content=\"R\u00e0dio Lengad\u00f2c\" \/>\n\t<meta name=\"twitter:label2\" content=\"Est. reading time\" \/>\n\t<meta name=\"twitter:data2\" content=\"2 minutes\" \/>\n<script type=\"application\/ld+json\" class=\"yoast-schema-graph\">{\"@context\":\"https:\/\/schema.org\",\"@graph\":[{\"@type\":\"Article\",\"@id\":\"https:\/\/www.lengadoc.eu\/2025\/05\/25\/sagene-halle-beziers\/#article\",\"isPartOf\":{\"@id\":\"https:\/\/www.lengadoc.eu\/2025\/05\/25\/sagene-halle-beziers\/\"},\"author\":{\"name\":\"R\u00e0dio Lengad\u00f2c\",\"@id\":\"https:\/\/www.lengadoc.eu\/#\/schema\/person\/ada8850603ae5533e65203193d829087\"},\"headline\":\"Monsieur Sagene &#8211; Hallegria\",\"datePublished\":\"2025-05-25T18:29:29+00:00\",\"dateModified\":\"2025-05-25T18:31:00+00:00\",\"mainEntityOfPage\":{\"@id\":\"https:\/\/www.lengadoc.eu\/2025\/05\/25\/sagene-halle-beziers\/\"},\"wordCount\":233,\"publisher\":{\"@id\":\"https:\/\/www.lengadoc.eu\/#organization\"},\"image\":{\"@id\":\"https:\/\/www.lengadoc.eu\/2025\/05\/25\/sagene-halle-beziers\/#primaryimage\"},\"thumbnailUrl\":\"https:\/\/www.lengadoc.eu\/wp-content\/uploads\/2025\/05\/monsieur-sagene-concert-halles-beziers.jpg\",\"articleSection\":[\"Ev\u00e9nements\"],\"inLanguage\":\"oc\"},{\"@type\":\"WebPage\",\"@id\":\"https:\/\/www.lengadoc.eu\/2025\/05\/25\/sagene-halle-beziers\/\",\"url\":\"https:\/\/www.lengadoc.eu\/2025\/05\/25\/sagene-halle-beziers\/\",\"name\":\"Monsieur Sagene - Hallegria - Radio Lengadoc\",\"isPartOf\":{\"@id\":\"https:\/\/www.lengadoc.eu\/#website\"},\"primaryImageOfPage\":{\"@id\":\"https:\/\/www.lengadoc.eu\/2025\/05\/25\/sagene-halle-beziers\/#primaryimage\"},\"image\":{\"@id\":\"https:\/\/www.lengadoc.eu\/2025\/05\/25\/sagene-halle-beziers\/#primaryimage\"},\"thumbnailUrl\":\"https:\/\/www.lengadoc.eu\/wp-content\/uploads\/2025\/05\/monsieur-sagene-concert-halles-beziers.jpg\",\"datePublished\":\"2025-05-25T18:29:29+00:00\",\"dateModified\":\"2025-05-25T18:31:00+00:00\",\"description\":\"\u00c9coutez R\u00e0dio Lengad\u00f2c en ligne, retrouvez notre grille des programmes, vos chroniques pr\u00e9f\u00e9r\u00e9es, podcasts et plus encore sur lengadoc.eu.\",\"breadcrumb\":{\"@id\":\"https:\/\/www.lengadoc.eu\/2025\/05\/25\/sagene-halle-beziers\/#breadcrumb\"},\"inLanguage\":\"oc\",\"potentialAction\":[{\"@type\":\"ReadAction\",\"target\":[\"https:\/\/www.lengadoc.eu\/2025\/05\/25\/sagene-halle-beziers\/\"]}]},{\"@type\":\"ImageObject\",\"inLanguage\":\"oc\",\"@id\":\"https:\/\/www.lengadoc.eu\/2025\/05\/25\/sagene-halle-beziers\/#primaryimage\",\"url\":\"https:\/\/www.lengadoc.eu\/wp-content\/uploads\/2025\/05\/monsieur-sagene-concert-halles-beziers.jpg\",\"contentUrl\":\"https:\/\/www.lengadoc.eu\/wp-content\/uploads\/2025\/05\/monsieur-sagene-concert-halles-beziers.jpg\",\"width\":1414,\"height\":2000},{\"@type\":\"BreadcrumbList\",\"@id\":\"https:\/\/www.lengadoc.eu\/2025\/05\/25\/sagene-halle-beziers\/#breadcrumb\",\"itemListElement\":[{\"@type\":\"ListItem\",\"position\":1,\"name\":\"Home\",\"item\":\"https:\/\/www.lengadoc.eu\/\"},{\"@type\":\"ListItem\",\"position\":2,\"name\":\"Monsieur Sagene &#8211; Hallegria\"}]},{\"@type\":\"WebSite\",\"@id\":\"https:\/\/www.lengadoc.eu\/#website\",\"url\":\"https:\/\/www.lengadoc.eu\/\",\"name\":\"Radio Lengadoc\",\"description\":\"La Radio d&#039;Aqu\u00ec\",\"publisher\":{\"@id\":\"https:\/\/www.lengadoc.eu\/#organization\"},\"potentialAction\":[{\"@type\":\"SearchAction\",\"target\":{\"@type\":\"EntryPoint\",\"urlTemplate\":\"https:\/\/www.lengadoc.eu\/?s={search_term_string}\"},\"query-input\":{\"@type\":\"PropertyValueSpecification\",\"valueRequired\":true,\"valueName\":\"search_term_string\"}}],\"inLanguage\":\"oc\"},{\"@type\":\"Organization\",\"@id\":\"https:\/\/www.lengadoc.eu\/#organization\",\"name\":\"R\u00e0dio Lengad\u00f2c\",\"url\":\"https:\/\/www.lengadoc.eu\/\",\"logo\":{\"@type\":\"ImageObject\",\"inLanguage\":\"oc\",\"@id\":\"https:\/\/www.lengadoc.eu\/#\/schema\/logo\/image\/\",\"url\":\"https:\/\/www.lengadoc.eu\/wp-content\/uploads\/2021\/01\/logo-RLO.jpg\",\"contentUrl\":\"https:\/\/www.lengadoc.eu\/wp-content\/uploads\/2021\/01\/logo-RLO.jpg\",\"width\":1958,\"height\":509,\"caption\":\"R\u00e0dio Lengad\u00f2c\"},\"image\":{\"@id\":\"https:\/\/www.lengadoc.eu\/#\/schema\/logo\/image\/\"},\"sameAs\":[\"https:\/\/www.facebook.com\/radiolengadoc\",\"https:\/\/www.instagram.com\/radiolengadoc\"]},{\"@type\":\"Person\",\"@id\":\"https:\/\/www.lengadoc.eu\/#\/schema\/person\/ada8850603ae5533e65203193d829087\",\"name\":\"R\u00e0dio Lengad\u00f2c\",\"sameAs\":[\"http:\/\/www.lengadoc.eu\"]}]}<\/script>\n<!-- \/ Yoast SEO plugin. -->","yoast_head_json":{"title":"Monsieur Sagene - Hallegria - Radio Lengadoc","description":"\u00c9coutez R\u00e0dio Lengad\u00f2c en ligne, retrouvez notre grille des programmes, vos chroniques pr\u00e9f\u00e9r\u00e9es, podcasts et plus encore sur lengadoc.eu.","robots":{"index":"index","follow":"follow","max-snippet":"max-snippet:-1","max-image-preview":"max-image-preview:large","max-video-preview":"max-video-preview:-1"},"canonical":"https:\/\/www.lengadoc.eu\/oc\/2025\/05\/25\/sagene-halle-beziers\/","og_locale":"en_US","og_type":"article","og_title":"Monsieur Sagene - Hallegria - Radio Lengadoc","og_description":"\u00c9coutez R\u00e0dio Lengad\u00f2c en ligne, retrouvez notre grille des programmes, vos chroniques pr\u00e9f\u00e9r\u00e9es, podcasts et plus encore sur lengadoc.eu.","og_url":"https:\/\/www.lengadoc.eu\/oc\/2025\/05\/25\/sagene-halle-beziers\/","og_site_name":"Radio Lengadoc","article_publisher":"https:\/\/www.facebook.com\/radiolengadoc","article_published_time":"2025-05-25T18:29:29+00:00","article_modified_time":"2025-05-25T18:31:00+00:00","og_image":[{"width":1414,"height":2000,"url":"https:\/\/www.lengadoc.eu\/wp-content\/uploads\/2025\/05\/monsieur-sagene-concert-halles-beziers.jpg","type":"image\/jpeg"}],"author":"R\u00e0dio Lengad\u00f2c","twitter_card":"summary_large_image","twitter_misc":{"Written by":"R\u00e0dio Lengad\u00f2c","Est. reading time":"2 minutes"},"schema":{"@context":"https:\/\/schema.org","@graph":[{"@type":"Article","@id":"https:\/\/www.lengadoc.eu\/2025\/05\/25\/sagene-halle-beziers\/#article","isPartOf":{"@id":"https:\/\/www.lengadoc.eu\/2025\/05\/25\/sagene-halle-beziers\/"},"author":{"name":"R\u00e0dio Lengad\u00f2c","@id":"https:\/\/www.lengadoc.eu\/#\/schema\/person\/ada8850603ae5533e65203193d829087"},"headline":"Monsieur Sagene &#8211; Hallegria","datePublished":"2025-05-25T18:29:29+00:00","dateModified":"2025-05-25T18:31:00+00:00","mainEntityOfPage":{"@id":"https:\/\/www.lengadoc.eu\/2025\/05\/25\/sagene-halle-beziers\/"},"wordCount":233,"publisher":{"@id":"https:\/\/www.lengadoc.eu\/#organization"},"image":{"@id":"https:\/\/www.lengadoc.eu\/2025\/05\/25\/sagene-halle-beziers\/#primaryimage"},"thumbnailUrl":"https:\/\/www.lengadoc.eu\/wp-content\/uploads\/2025\/05\/monsieur-sagene-concert-halles-beziers.jpg","articleSection":["Ev\u00e9nements"],"inLanguage":"oc"},{"@type":"WebPage","@id":"https:\/\/www.lengadoc.eu\/2025\/05\/25\/sagene-halle-beziers\/","url":"https:\/\/www.lengadoc.eu\/2025\/05\/25\/sagene-halle-beziers\/","name":"Monsieur Sagene - Hallegria - Radio Lengadoc","isPartOf":{"@id":"https:\/\/www.lengadoc.eu\/#website"},"primaryImageOfPage":{"@id":"https:\/\/www.lengadoc.eu\/2025\/05\/25\/sagene-halle-beziers\/#primaryimage"},"image":{"@id":"https:\/\/www.lengadoc.eu\/2025\/05\/25\/sagene-halle-beziers\/#primaryimage"},"thumbnailUrl":"https:\/\/www.lengadoc.eu\/wp-content\/uploads\/2025\/05\/monsieur-sagene-concert-halles-beziers.jpg","datePublished":"2025-05-25T18:29:29+00:00","dateModified":"2025-05-25T18:31:00+00:00","description":"\u00c9coutez R\u00e0dio Lengad\u00f2c en ligne, retrouvez notre grille des programmes, vos chroniques pr\u00e9f\u00e9r\u00e9es, podcasts et plus encore sur lengadoc.eu.","breadcrumb":{"@id":"https:\/\/www.lengadoc.eu\/2025\/05\/25\/sagene-halle-beziers\/#breadcrumb"},"inLanguage":"oc","potentialAction":[{"@type":"ReadAction","target":["https:\/\/www.lengadoc.eu\/2025\/05\/25\/sagene-halle-beziers\/"]}]},{"@type":"ImageObject","inLanguage":"oc","@id":"https:\/\/www.lengadoc.eu\/2025\/05\/25\/sagene-halle-beziers\/#primaryimage","url":"https:\/\/www.lengadoc.eu\/wp-content\/uploads\/2025\/05\/monsieur-sagene-concert-halles-beziers.jpg","contentUrl":"https:\/\/www.lengadoc.eu\/wp-content\/uploads\/2025\/05\/monsieur-sagene-concert-halles-beziers.jpg","width":1414,"height":2000},{"@type":"BreadcrumbList","@id":"https:\/\/www.lengadoc.eu\/2025\/05\/25\/sagene-halle-beziers\/#breadcrumb","itemListElement":[{"@type":"ListItem","position":1,"name":"Home","item":"https:\/\/www.lengadoc.eu\/"},{"@type":"ListItem","position":2,"name":"Monsieur Sagene &#8211; Hallegria"}]},{"@type":"WebSite","@id":"https:\/\/www.lengadoc.eu\/#website","url":"https:\/\/www.lengadoc.eu\/","name":"Radio Lengadoc","description":"La Radio d&#039;Aqu\u00ec","publisher":{"@id":"https:\/\/www.lengadoc.eu\/#organization"},"potentialAction":[{"@type":"SearchAction","target":{"@type":"EntryPoint","urlTemplate":"https:\/\/www.lengadoc.eu\/?s={search_term_string}"},"query-input":{"@type":"PropertyValueSpecification","valueRequired":true,"valueName":"search_term_string"}}],"inLanguage":"oc"},{"@type":"Organization","@id":"https:\/\/www.lengadoc.eu\/#organization","name":"R\u00e0dio Lengad\u00f2c","url":"https:\/\/www.lengadoc.eu\/","logo":{"@type":"ImageObject","inLanguage":"oc","@id":"https:\/\/www.lengadoc.eu\/#\/schema\/logo\/image\/","url":"https:\/\/www.lengadoc.eu\/wp-content\/uploads\/2021\/01\/logo-RLO.jpg","contentUrl":"https:\/\/www.lengadoc.eu\/wp-content\/uploads\/2021\/01\/logo-RLO.jpg","width":1958,"height":509,"caption":"R\u00e0dio Lengad\u00f2c"},"image":{"@id":"https:\/\/www.lengadoc.eu\/#\/schema\/logo\/image\/"},"sameAs":["https:\/\/www.facebook.com\/radiolengadoc","https:\/\/www.instagram.com\/radiolengadoc"]},{"@type":"Person","@id":"https:\/\/www.lengadoc.eu\/#\/schema\/person\/ada8850603ae5533e65203193d829087","name":"R\u00e0dio Lengad\u00f2c","sameAs":["http:\/\/www.lengadoc.eu"]}]}},"_links":{"self":[{"href":"https:\/\/www.lengadoc.eu\/oc\/wp-json\/wp\/v2\/posts\/10442","targetHints":{"allow":["GET"]}}],"collection":[{"href":"https:\/\/www.lengadoc.eu\/oc\/wp-json\/wp\/v2\/posts"}],"about":[{"href":"https:\/\/www.lengadoc.eu\/oc\/wp-json\/wp\/v2\/types\/post"}],"author":[{"embeddable":true,"href":"https:\/\/www.lengadoc.eu\/oc\/wp-json\/wp\/v2\/users\/1"}],"replies":[{"embeddable":true,"href":"https:\/\/www.lengadoc.eu\/oc\/wp-json\/wp\/v2\/comments?post=10442"}],"version-history":[{"count":0,"href":"https:\/\/www.lengadoc.eu\/oc\/wp-json\/wp\/v2\/posts\/10442\/revisions"}],"wp:featuredmedia":[{"embeddable":true,"href":"https:\/\/www.lengadoc.eu\/oc\/wp-json\/wp\/v2\/media\/10444"}],"wp:attachment":[{"href":"https:\/\/www.lengadoc.eu\/oc\/wp-json\/wp\/v2\/media?parent=10442"}],"wp:term":[{"taxonomy":"category","embeddable":true,"href":"https:\/\/www.lengadoc.eu\/oc\/wp-json\/wp\/v2\/categories?post=10442"},{"taxonomy":"post_tag","embeddable":true,"href":"https:\/\/www.lengadoc.eu\/oc\/wp-json\/wp\/v2\/tags?post=10442"}],"curies":[{"name":"wp","href":"https:\/\/api.w.org\/{rel}","templated":true}]}}