{"id":10397,"date":"2025-05-05T15:49:43","date_gmt":"2025-05-05T14:49:43","guid":{"rendered":"https:\/\/www.lengadoc.eu\/?p=10397"},"modified":"2025-05-12T13:31:56","modified_gmt":"2025-05-12T12:31:56","slug":"une-journee-scenes-denfance-a-theatrecinema","status":"publish","type":"post","link":"https:\/\/www.lengadoc.eu\/oc\/2025\/05\/05\/une-journee-scenes-denfance-a-theatrecinema\/","title":{"rendered":"Une journ\u00e9e sc\u00e8nes d&rsquo;enfance \u00e0 Th\u00e9\u00e2tre+Cin\u00e9ma"},"content":{"rendered":"<!--[if lt IE 9]><script>document.createElement('audio');<\/script><![endif]-->\n<audio class=\"wp-audio-shortcode\" id=\"audio-10397-1\" preload=\"none\" style=\"width: 100%;\" controls=\"controls\"><source type=\"audio\/mpeg\" src=\"https:\/\/www.lengadoc.eu\/wp-content\/uploads\/2025\/05\/FINIT.mp3?_=1\" \/><a href=\"https:\/\/www.lengadoc.eu\/wp-content\/uploads\/2025\/05\/FINIT.mp3\">https:\/\/www.lengadoc.eu\/wp-content\/uploads\/2025\/05\/FINIT.mp3<\/a><\/audio>\n<p style=\"text-align: center;\">\u00a0 \u00a0 \u00a0 \u00a0 \u00a0 \u00a0 \u00a0 \u00a0 \u00a0 \u00a0 \u00a0 \u00a0 \u00a0 \u00a0 \u00a0 \u00a0 \u00a0 \u00a0 \u00a0 \u00a0 \u00a0 \u00a0 \u00a0 \u00a0 \u00a0 \u00a0 \u00a0 \u00a0 \u00a0 \u00a0 \u00a0 \u00a0 \u00a0 \u00a0 \u00a0 \u00a0 \u00a0 \u00a0 \u00a0 \u00a0 \u00a0Dans ce podcast, Marie-Charlotte Simon vous propose une immersion originale du th\u00e9\u00e2tre, \u00e0 travers<\/p>\n<p style=\"text-align: center;\"><img loading=\"lazy\" decoding=\"async\" class=\"wp-image-10399 alignleft\" src=\"https:\/\/www.lengadoc.eu\/wp-content\/uploads\/2025\/05\/Capture-decran-2025-05-05-164807-434x600.png\" alt=\"\" width=\"344\" height=\"476\" srcset=\"https:\/\/www.lengadoc.eu\/wp-content\/uploads\/2025\/05\/Capture-decran-2025-05-05-164807-434x600.png 434w, https:\/\/www.lengadoc.eu\/wp-content\/uploads\/2025\/05\/Capture-decran-2025-05-05-164807-9x12.png 9w, https:\/\/www.lengadoc.eu\/wp-content\/uploads\/2025\/05\/Capture-decran-2025-05-05-164807.png 600w\" sizes=\"auto, (max-width: 344px) 100vw, 344px\" \/>les yeux des enfants pour \u00a0la journ\u00e9e sc\u00e8nes d&rsquo;enfance au Th\u00e9\u00e2tre + Cin\u00e9ma de Narbonne .<\/p>\n<p style=\"text-align: center;\">Elle a assist\u00e9 \u00e0 des repr\u00e9sentations et recueilli les impressions de jeunes spectateurs,<\/p>\n<p style=\"text-align: center;\">juste apr\u00e8s le rideau. \u00c9tonnement, rires, \u00e9motions&#8230;<\/p>\n<p style=\"text-align: center;\">Leurs r\u00e9actions spontan\u00e9es racontent mieux que personne la magie du spectacle vivant.<\/p>\n<p style=\"text-align: center;\">\u00a0 Une journ\u00e9e enti\u00e8re de spectacles, compl\u00e9t\u00e9e de films, d\u2019ateliers de pratique artistique et de moments de convivialit\u00e9.<\/p>\n<p style=\"text-align: center;\">\n<p>&nbsp;<\/p>","protected":false},"excerpt":{"rendered":"<p>\u00a0 \u00a0 \u00a0 \u00a0 \u00a0 \u00a0 \u00a0 \u00a0 \u00a0 \u00a0 \u00a0 \u00a0 \u00a0 \u00a0 \u00a0 \u00a0 \u00a0 \u00a0 \u00a0 \u00a0 \u00a0 \u00a0 \u00a0 \u00a0 \u00a0 \u00a0 \u00a0 \u00a0 \u00a0 \u00a0 \u00a0 \u00a0 \u00a0 \u00a0 \u00a0 \u00a0 \u00a0 \u00a0 \u00a0 \u00a0 \u00a0Dans ce podcast, Marie-Charlotte Simon vous propose une immersion originale du th\u00e9\u00e2tre, \u00e0 travers les [&hellip;]<\/p>","protected":false},"author":1,"featured_media":10399,"comment_status":"closed","ping_status":"closed","sticky":false,"template":"","format":"standard","meta":{"_monsterinsights_skip_tracking":false,"_monsterinsights_sitenote_active":false,"_monsterinsights_sitenote_note":"","_monsterinsights_sitenote_category":0,"_uf_show_specific_survey":0,"_uf_disable_surveys":false,"footnotes":""},"categories":[249],"tags":[],"class_list":["post-10397","post","type-post","status-publish","format-standard","has-post-thumbnail","hentry","category-evenements"],"yoast_head":"<!-- This site is optimized with the Yoast SEO plugin v24.8.1 - https:\/\/yoast.com\/wordpress\/plugins\/seo\/ -->\n<title>Une journ\u00e9e sc\u00e8nes d&#039;enfance \u00e0 Th\u00e9\u00e2tre+Cin\u00e9ma - Radio Lengadoc<\/title>\n<meta name=\"description\" content=\"\u00c9coutez R\u00e0dio Lengad\u00f2c en ligne, retrouvez notre grille des programmes, vos chroniques pr\u00e9f\u00e9r\u00e9es, podcasts et plus encore sur lengadoc.eu.\" \/>\n<meta name=\"robots\" content=\"index, follow, max-snippet:-1, max-image-preview:large, max-video-preview:-1\" \/>\n<link rel=\"canonical\" href=\"https:\/\/www.lengadoc.eu\/oc\/2025\/05\/05\/une-journee-scenes-denfance-a-theatrecinema\/\" \/>\n<meta property=\"og:locale\" content=\"en_US\" \/>\n<meta property=\"og:type\" content=\"article\" \/>\n<meta property=\"og:title\" content=\"Une journ\u00e9e sc\u00e8nes d&#039;enfance \u00e0 Th\u00e9\u00e2tre+Cin\u00e9ma - Radio Lengadoc\" \/>\n<meta property=\"og:description\" content=\"\u00c9coutez R\u00e0dio Lengad\u00f2c en ligne, retrouvez notre grille des programmes, vos chroniques pr\u00e9f\u00e9r\u00e9es, podcasts et plus encore sur lengadoc.eu.\" \/>\n<meta property=\"og:url\" content=\"https:\/\/www.lengadoc.eu\/oc\/2025\/05\/05\/une-journee-scenes-denfance-a-theatrecinema\/\" \/>\n<meta property=\"og:site_name\" content=\"Radio Lengadoc\" \/>\n<meta property=\"article:publisher\" content=\"https:\/\/www.facebook.com\/radiolengadoc\" \/>\n<meta property=\"article:published_time\" content=\"2025-05-05T14:49:43+00:00\" \/>\n<meta property=\"article:modified_time\" content=\"2025-05-12T12:31:56+00:00\" \/>\n<meta property=\"og:image\" content=\"https:\/\/www.lengadoc.eu\/wp-content\/uploads\/2025\/05\/Capture-decran-2025-05-05-164807.png\" \/>\n\t<meta property=\"og:image:width\" content=\"600\" \/>\n\t<meta property=\"og:image:height\" content=\"829\" \/>\n\t<meta property=\"og:image:type\" content=\"image\/png\" \/>\n<meta name=\"author\" content=\"R\u00e0dio Lengad\u00f2c\" \/>\n<meta name=\"twitter:card\" content=\"summary_large_image\" \/>\n<meta name=\"twitter:label1\" content=\"Written by\" \/>\n\t<meta name=\"twitter:data1\" content=\"R\u00e0dio Lengad\u00f2c\" \/>\n\t<meta name=\"twitter:label2\" content=\"Est. reading time\" \/>\n\t<meta name=\"twitter:data2\" content=\"1 minute\" \/>\n<script type=\"application\/ld+json\" class=\"yoast-schema-graph\">{\"@context\":\"https:\/\/schema.org\",\"@graph\":[{\"@type\":\"Article\",\"@id\":\"https:\/\/www.lengadoc.eu\/2025\/05\/05\/une-journee-scenes-denfance-a-theatrecinema\/#article\",\"isPartOf\":{\"@id\":\"https:\/\/www.lengadoc.eu\/2025\/05\/05\/une-journee-scenes-denfance-a-theatrecinema\/\"},\"author\":{\"name\":\"R\u00e0dio Lengad\u00f2c\",\"@id\":\"https:\/\/www.lengadoc.eu\/#\/schema\/person\/ada8850603ae5533e65203193d829087\"},\"headline\":\"Une journ\u00e9e sc\u00e8nes d&rsquo;enfance \u00e0 Th\u00e9\u00e2tre+Cin\u00e9ma\",\"datePublished\":\"2025-05-05T14:49:43+00:00\",\"dateModified\":\"2025-05-12T12:31:56+00:00\",\"mainEntityOfPage\":{\"@id\":\"https:\/\/www.lengadoc.eu\/2025\/05\/05\/une-journee-scenes-denfance-a-theatrecinema\/\"},\"wordCount\":111,\"publisher\":{\"@id\":\"https:\/\/www.lengadoc.eu\/#organization\"},\"image\":{\"@id\":\"https:\/\/www.lengadoc.eu\/2025\/05\/05\/une-journee-scenes-denfance-a-theatrecinema\/#primaryimage\"},\"thumbnailUrl\":\"https:\/\/www.lengadoc.eu\/wp-content\/uploads\/2025\/05\/Capture-decran-2025-05-05-164807.png\",\"articleSection\":[\"Ev\u00e9nements\"],\"inLanguage\":\"oc\"},{\"@type\":\"WebPage\",\"@id\":\"https:\/\/www.lengadoc.eu\/2025\/05\/05\/une-journee-scenes-denfance-a-theatrecinema\/\",\"url\":\"https:\/\/www.lengadoc.eu\/2025\/05\/05\/une-journee-scenes-denfance-a-theatrecinema\/\",\"name\":\"Une journ\u00e9e sc\u00e8nes d'enfance \u00e0 Th\u00e9\u00e2tre+Cin\u00e9ma - Radio Lengadoc\",\"isPartOf\":{\"@id\":\"https:\/\/www.lengadoc.eu\/#website\"},\"primaryImageOfPage\":{\"@id\":\"https:\/\/www.lengadoc.eu\/2025\/05\/05\/une-journee-scenes-denfance-a-theatrecinema\/#primaryimage\"},\"image\":{\"@id\":\"https:\/\/www.lengadoc.eu\/2025\/05\/05\/une-journee-scenes-denfance-a-theatrecinema\/#primaryimage\"},\"thumbnailUrl\":\"https:\/\/www.lengadoc.eu\/wp-content\/uploads\/2025\/05\/Capture-decran-2025-05-05-164807.png\",\"datePublished\":\"2025-05-05T14:49:43+00:00\",\"dateModified\":\"2025-05-12T12:31:56+00:00\",\"description\":\"\u00c9coutez R\u00e0dio Lengad\u00f2c en ligne, retrouvez notre grille des programmes, vos chroniques pr\u00e9f\u00e9r\u00e9es, podcasts et plus encore sur lengadoc.eu.\",\"breadcrumb\":{\"@id\":\"https:\/\/www.lengadoc.eu\/2025\/05\/05\/une-journee-scenes-denfance-a-theatrecinema\/#breadcrumb\"},\"inLanguage\":\"oc\",\"potentialAction\":[{\"@type\":\"ReadAction\",\"target\":[\"https:\/\/www.lengadoc.eu\/2025\/05\/05\/une-journee-scenes-denfance-a-theatrecinema\/\"]}]},{\"@type\":\"ImageObject\",\"inLanguage\":\"oc\",\"@id\":\"https:\/\/www.lengadoc.eu\/2025\/05\/05\/une-journee-scenes-denfance-a-theatrecinema\/#primaryimage\",\"url\":\"https:\/\/www.lengadoc.eu\/wp-content\/uploads\/2025\/05\/Capture-decran-2025-05-05-164807.png\",\"contentUrl\":\"https:\/\/www.lengadoc.eu\/wp-content\/uploads\/2025\/05\/Capture-decran-2025-05-05-164807.png\",\"width\":600,\"height\":829},{\"@type\":\"BreadcrumbList\",\"@id\":\"https:\/\/www.lengadoc.eu\/2025\/05\/05\/une-journee-scenes-denfance-a-theatrecinema\/#breadcrumb\",\"itemListElement\":[{\"@type\":\"ListItem\",\"position\":1,\"name\":\"Home\",\"item\":\"https:\/\/www.lengadoc.eu\/\"},{\"@type\":\"ListItem\",\"position\":2,\"name\":\"Une journ\u00e9e sc\u00e8nes d&rsquo;enfance \u00e0 Th\u00e9\u00e2tre+Cin\u00e9ma\"}]},{\"@type\":\"WebSite\",\"@id\":\"https:\/\/www.lengadoc.eu\/#website\",\"url\":\"https:\/\/www.lengadoc.eu\/\",\"name\":\"Radio Lengadoc\",\"description\":\"La Radio d&#039;Aqu\u00ec\",\"publisher\":{\"@id\":\"https:\/\/www.lengadoc.eu\/#organization\"},\"potentialAction\":[{\"@type\":\"SearchAction\",\"target\":{\"@type\":\"EntryPoint\",\"urlTemplate\":\"https:\/\/www.lengadoc.eu\/?s={search_term_string}\"},\"query-input\":{\"@type\":\"PropertyValueSpecification\",\"valueRequired\":true,\"valueName\":\"search_term_string\"}}],\"inLanguage\":\"oc\"},{\"@type\":\"Organization\",\"@id\":\"https:\/\/www.lengadoc.eu\/#organization\",\"name\":\"R\u00e0dio Lengad\u00f2c\",\"url\":\"https:\/\/www.lengadoc.eu\/\",\"logo\":{\"@type\":\"ImageObject\",\"inLanguage\":\"oc\",\"@id\":\"https:\/\/www.lengadoc.eu\/#\/schema\/logo\/image\/\",\"url\":\"https:\/\/www.lengadoc.eu\/wp-content\/uploads\/2021\/01\/logo-RLO.jpg\",\"contentUrl\":\"https:\/\/www.lengadoc.eu\/wp-content\/uploads\/2021\/01\/logo-RLO.jpg\",\"width\":1958,\"height\":509,\"caption\":\"R\u00e0dio Lengad\u00f2c\"},\"image\":{\"@id\":\"https:\/\/www.lengadoc.eu\/#\/schema\/logo\/image\/\"},\"sameAs\":[\"https:\/\/www.facebook.com\/radiolengadoc\",\"https:\/\/www.instagram.com\/radiolengadoc\"]},{\"@type\":\"Person\",\"@id\":\"https:\/\/www.lengadoc.eu\/#\/schema\/person\/ada8850603ae5533e65203193d829087\",\"name\":\"R\u00e0dio Lengad\u00f2c\",\"sameAs\":[\"http:\/\/www.lengadoc.eu\"]}]}<\/script>\n<!-- \/ Yoast SEO plugin. -->","yoast_head_json":{"title":"Une journ\u00e9e sc\u00e8nes d'enfance \u00e0 Th\u00e9\u00e2tre+Cin\u00e9ma - Radio Lengadoc","description":"\u00c9coutez R\u00e0dio Lengad\u00f2c en ligne, retrouvez notre grille des programmes, vos chroniques pr\u00e9f\u00e9r\u00e9es, podcasts et plus encore sur lengadoc.eu.","robots":{"index":"index","follow":"follow","max-snippet":"max-snippet:-1","max-image-preview":"max-image-preview:large","max-video-preview":"max-video-preview:-1"},"canonical":"https:\/\/www.lengadoc.eu\/oc\/2025\/05\/05\/une-journee-scenes-denfance-a-theatrecinema\/","og_locale":"en_US","og_type":"article","og_title":"Une journ\u00e9e sc\u00e8nes d'enfance \u00e0 Th\u00e9\u00e2tre+Cin\u00e9ma - Radio Lengadoc","og_description":"\u00c9coutez R\u00e0dio Lengad\u00f2c en ligne, retrouvez notre grille des programmes, vos chroniques pr\u00e9f\u00e9r\u00e9es, podcasts et plus encore sur lengadoc.eu.","og_url":"https:\/\/www.lengadoc.eu\/oc\/2025\/05\/05\/une-journee-scenes-denfance-a-theatrecinema\/","og_site_name":"Radio Lengadoc","article_publisher":"https:\/\/www.facebook.com\/radiolengadoc","article_published_time":"2025-05-05T14:49:43+00:00","article_modified_time":"2025-05-12T12:31:56+00:00","og_image":[{"width":600,"height":829,"url":"https:\/\/www.lengadoc.eu\/wp-content\/uploads\/2025\/05\/Capture-decran-2025-05-05-164807.png","type":"image\/png"}],"author":"R\u00e0dio Lengad\u00f2c","twitter_card":"summary_large_image","twitter_misc":{"Written by":"R\u00e0dio Lengad\u00f2c","Est. reading time":"1 minute"},"schema":{"@context":"https:\/\/schema.org","@graph":[{"@type":"Article","@id":"https:\/\/www.lengadoc.eu\/2025\/05\/05\/une-journee-scenes-denfance-a-theatrecinema\/#article","isPartOf":{"@id":"https:\/\/www.lengadoc.eu\/2025\/05\/05\/une-journee-scenes-denfance-a-theatrecinema\/"},"author":{"name":"R\u00e0dio Lengad\u00f2c","@id":"https:\/\/www.lengadoc.eu\/#\/schema\/person\/ada8850603ae5533e65203193d829087"},"headline":"Une journ\u00e9e sc\u00e8nes d&rsquo;enfance \u00e0 Th\u00e9\u00e2tre+Cin\u00e9ma","datePublished":"2025-05-05T14:49:43+00:00","dateModified":"2025-05-12T12:31:56+00:00","mainEntityOfPage":{"@id":"https:\/\/www.lengadoc.eu\/2025\/05\/05\/une-journee-scenes-denfance-a-theatrecinema\/"},"wordCount":111,"publisher":{"@id":"https:\/\/www.lengadoc.eu\/#organization"},"image":{"@id":"https:\/\/www.lengadoc.eu\/2025\/05\/05\/une-journee-scenes-denfance-a-theatrecinema\/#primaryimage"},"thumbnailUrl":"https:\/\/www.lengadoc.eu\/wp-content\/uploads\/2025\/05\/Capture-decran-2025-05-05-164807.png","articleSection":["Ev\u00e9nements"],"inLanguage":"oc"},{"@type":"WebPage","@id":"https:\/\/www.lengadoc.eu\/2025\/05\/05\/une-journee-scenes-denfance-a-theatrecinema\/","url":"https:\/\/www.lengadoc.eu\/2025\/05\/05\/une-journee-scenes-denfance-a-theatrecinema\/","name":"Une journ\u00e9e sc\u00e8nes d'enfance \u00e0 Th\u00e9\u00e2tre+Cin\u00e9ma - Radio Lengadoc","isPartOf":{"@id":"https:\/\/www.lengadoc.eu\/#website"},"primaryImageOfPage":{"@id":"https:\/\/www.lengadoc.eu\/2025\/05\/05\/une-journee-scenes-denfance-a-theatrecinema\/#primaryimage"},"image":{"@id":"https:\/\/www.lengadoc.eu\/2025\/05\/05\/une-journee-scenes-denfance-a-theatrecinema\/#primaryimage"},"thumbnailUrl":"https:\/\/www.lengadoc.eu\/wp-content\/uploads\/2025\/05\/Capture-decran-2025-05-05-164807.png","datePublished":"2025-05-05T14:49:43+00:00","dateModified":"2025-05-12T12:31:56+00:00","description":"\u00c9coutez R\u00e0dio Lengad\u00f2c en ligne, retrouvez notre grille des programmes, vos chroniques pr\u00e9f\u00e9r\u00e9es, podcasts et plus encore sur lengadoc.eu.","breadcrumb":{"@id":"https:\/\/www.lengadoc.eu\/2025\/05\/05\/une-journee-scenes-denfance-a-theatrecinema\/#breadcrumb"},"inLanguage":"oc","potentialAction":[{"@type":"ReadAction","target":["https:\/\/www.lengadoc.eu\/2025\/05\/05\/une-journee-scenes-denfance-a-theatrecinema\/"]}]},{"@type":"ImageObject","inLanguage":"oc","@id":"https:\/\/www.lengadoc.eu\/2025\/05\/05\/une-journee-scenes-denfance-a-theatrecinema\/#primaryimage","url":"https:\/\/www.lengadoc.eu\/wp-content\/uploads\/2025\/05\/Capture-decran-2025-05-05-164807.png","contentUrl":"https:\/\/www.lengadoc.eu\/wp-content\/uploads\/2025\/05\/Capture-decran-2025-05-05-164807.png","width":600,"height":829},{"@type":"BreadcrumbList","@id":"https:\/\/www.lengadoc.eu\/2025\/05\/05\/une-journee-scenes-denfance-a-theatrecinema\/#breadcrumb","itemListElement":[{"@type":"ListItem","position":1,"name":"Home","item":"https:\/\/www.lengadoc.eu\/"},{"@type":"ListItem","position":2,"name":"Une journ\u00e9e sc\u00e8nes d&rsquo;enfance \u00e0 Th\u00e9\u00e2tre+Cin\u00e9ma"}]},{"@type":"WebSite","@id":"https:\/\/www.lengadoc.eu\/#website","url":"https:\/\/www.lengadoc.eu\/","name":"Radio Lengadoc","description":"La Radio d&#039;Aqu\u00ec","publisher":{"@id":"https:\/\/www.lengadoc.eu\/#organization"},"potentialAction":[{"@type":"SearchAction","target":{"@type":"EntryPoint","urlTemplate":"https:\/\/www.lengadoc.eu\/?s={search_term_string}"},"query-input":{"@type":"PropertyValueSpecification","valueRequired":true,"valueName":"search_term_string"}}],"inLanguage":"oc"},{"@type":"Organization","@id":"https:\/\/www.lengadoc.eu\/#organization","name":"R\u00e0dio Lengad\u00f2c","url":"https:\/\/www.lengadoc.eu\/","logo":{"@type":"ImageObject","inLanguage":"oc","@id":"https:\/\/www.lengadoc.eu\/#\/schema\/logo\/image\/","url":"https:\/\/www.lengadoc.eu\/wp-content\/uploads\/2021\/01\/logo-RLO.jpg","contentUrl":"https:\/\/www.lengadoc.eu\/wp-content\/uploads\/2021\/01\/logo-RLO.jpg","width":1958,"height":509,"caption":"R\u00e0dio Lengad\u00f2c"},"image":{"@id":"https:\/\/www.lengadoc.eu\/#\/schema\/logo\/image\/"},"sameAs":["https:\/\/www.facebook.com\/radiolengadoc","https:\/\/www.instagram.com\/radiolengadoc"]},{"@type":"Person","@id":"https:\/\/www.lengadoc.eu\/#\/schema\/person\/ada8850603ae5533e65203193d829087","name":"R\u00e0dio Lengad\u00f2c","sameAs":["http:\/\/www.lengadoc.eu"]}]}},"_links":{"self":[{"href":"https:\/\/www.lengadoc.eu\/oc\/wp-json\/wp\/v2\/posts\/10397","targetHints":{"allow":["GET"]}}],"collection":[{"href":"https:\/\/www.lengadoc.eu\/oc\/wp-json\/wp\/v2\/posts"}],"about":[{"href":"https:\/\/www.lengadoc.eu\/oc\/wp-json\/wp\/v2\/types\/post"}],"author":[{"embeddable":true,"href":"https:\/\/www.lengadoc.eu\/oc\/wp-json\/wp\/v2\/users\/1"}],"replies":[{"embeddable":true,"href":"https:\/\/www.lengadoc.eu\/oc\/wp-json\/wp\/v2\/comments?post=10397"}],"version-history":[{"count":0,"href":"https:\/\/www.lengadoc.eu\/oc\/wp-json\/wp\/v2\/posts\/10397\/revisions"}],"wp:featuredmedia":[{"embeddable":true,"href":"https:\/\/www.lengadoc.eu\/oc\/wp-json\/wp\/v2\/media\/10399"}],"wp:attachment":[{"href":"https:\/\/www.lengadoc.eu\/oc\/wp-json\/wp\/v2\/media?parent=10397"}],"wp:term":[{"taxonomy":"category","embeddable":true,"href":"https:\/\/www.lengadoc.eu\/oc\/wp-json\/wp\/v2\/categories?post=10397"},{"taxonomy":"post_tag","embeddable":true,"href":"https:\/\/www.lengadoc.eu\/oc\/wp-json\/wp\/v2\/tags?post=10397"}],"curies":[{"name":"wp","href":"https:\/\/api.w.org\/{rel}","templated":true}]}}