{"id":10154,"date":"2025-03-27T10:41:22","date_gmt":"2025-03-27T09:41:22","guid":{"rendered":"https:\/\/www.lengadoc.eu\/?p=10154"},"modified":"2025-08-07T14:53:11","modified_gmt":"2025-08-07T12:53:11","slug":"ou_sont_les_femmes","status":"publish","type":"post","link":"https:\/\/www.lengadoc.eu\/oc\/2025\/03\/27\/ou_sont_les_femmes\/","title":{"rendered":"O\u00f9 sont les femmes ? &#8211; 08\/03\/2025"},"content":{"rendered":"<!--[if lt IE 9]><script>document.createElement('audio');<\/script><![endif]-->\n<audio class=\"wp-audio-shortcode\" id=\"audio-10154-1\" preload=\"none\" style=\"width: 100%;\" controls=\"controls\"><source type=\"audio\/mpeg\" src=\"https:\/\/www.lengadoc.eu\/wp-content\/uploads\/2025\/03\/RADIO-LENGADOC-Rediffusion-Direct-Journee-de-la-femme-1.mp3?_=1\" \/><a href=\"https:\/\/www.lengadoc.eu\/wp-content\/uploads\/2025\/03\/RADIO-LENGADOC-Rediffusion-Direct-Journee-de-la-femme-1.mp3\">https:\/\/www.lengadoc.eu\/wp-content\/uploads\/2025\/03\/RADIO-LENGADOC-Rediffusion-Direct-Journee-de-la-femme-1.mp3<\/a><\/audio>\n<div class=\"drts-display-element drts-display-element-entity_field_field_nom_du_lieu_de_l_evenement-1 drts-display-element-inlineable\" data-name=\"entity_field_field_nom_du_lieu_de_l_evenement\">\n<div style=\"text-align: right;\"><strong>Radio Lengadoc es aqui<\/strong><\/div>\n<div style=\"text-align: right;\"><img loading=\"lazy\" decoding=\"async\" class=\"size-medium wp-image-10709 alignleft\" src=\"https:\/\/www.lengadoc.eu\/wp-content\/uploads\/2025\/03\/IMG-20250308-WA0011-451x600.jpg\" alt=\"\" width=\"451\" height=\"600\" srcset=\"https:\/\/www.lengadoc.eu\/wp-content\/uploads\/2025\/03\/IMG-20250308-WA0011-451x600.jpg 451w, https:\/\/www.lengadoc.eu\/wp-content\/uploads\/2025\/03\/IMG-20250308-WA0011-768x1022.jpg 768w, https:\/\/www.lengadoc.eu\/wp-content\/uploads\/2025\/03\/IMG-20250308-WA0011-1154x1536.jpg 1154w, https:\/\/www.lengadoc.eu\/wp-content\/uploads\/2025\/03\/IMG-20250308-WA0011-9x12.jpg 9w, https:\/\/www.lengadoc.eu\/wp-content\/uploads\/2025\/03\/IMG-20250308-WA0011.jpg 1232w\" sizes=\"auto, (max-width: 451px) 100vw, 451px\" \/><\/div>\n<div class=\"drts-entity-field-label drts-entity-field-label-type-custom\" style=\"text-align: right;\"><strong>Lieu de l&rsquo;\u00e9v\u00e8nement<\/strong><\/div>\n<\/div>\n<div class=\"drts-display-element drts-display-element-entity_field_field_lieu_de_l_evenement-1 drts-display-element-inlineable\" style=\"text-align: right;\" data-name=\"entity_field_field_lieu_de_l_evenement\"><span class=\"drts-location-address drts-map-marker-trigger drts-map-marker-trigger-0\" data-key=\"0\">Ch\u00e2teau Prat de Cest 1 route Nationale, 11100 Prat de Cest<\/span><\/div>\n<div class=\"drts-display-element drts-display-element-entity_field_field_lieu_de_l_evenement-1 drts-display-element-inlineable\" style=\"text-align: right;\" data-name=\"entity_field_field_lieu_de_l_evenement\">Samedi 8 mars 2025 dimanche 9 mars 2025<\/div>\n<div class=\"drts-display-element drts-display-element-separator-2\" style=\"text-align: right;\" data-name=\"separator\">\n<hr \/>\n<\/div>\n<div class=\"drts-display-element drts-display-element-entity_field_post_content-1 directory-listing-description drts-bs-mb-4\" style=\"text-align: right;\" data-name=\"entity_field_post_content\">\n<p>Radio Lengadoc \u00e9tait pr\u00e9sent lors de l&rsquo;\u00e9v\u00e9nement \u00ab\u00a0O\u00f9 sont les femmes ?\u00a0\u00bb organis\u00e9 l\u2019association Autour de l\u2019Art. Cette manifestation est organis\u00e9e \u00e0 l\u2019occasion de la Journ\u00e9e Internationale des Droits des femmes. Elle met \u00e0 l&rsquo;honneur des artistes femmes venues de toute la r\u00e9gion. Toutes les formes d\u2019art \u00e9taient repr\u00e9sent\u00e9es : peinture, sculpture, photographie, c\u00e9ramique et tous les styles. Il y avait aussi des clubs et associations f\u00e9minins. A travers l&rsquo;art, l&rsquo;id\u00e9e est de sensibiliser plus largement sur les questions d&rsquo;\u00e9galit\u00e9s entre femmes et hommes.<\/p>\n<p>Lieu de l\u2019\u00e9v\u00e9nement : Ch\u00e2teau Prat de Cest, 1 route nationale 11100 Bages<\/p>\n<p>Dans cette \u00e9mission, notre animatrice Marie-Charlotte Simon a interview\u00e9 :<\/p>\n<ul>\n<li>Guillaume Allien, le propri\u00e9taire du domaine.<\/li>\n<li>Beno\u00eet Savour\u00e9, D\u00e9l\u00e9gu\u00e9 D\u00e9partemental aux Droits des Femmes et \u00e0 l&rsquo;Egalit\u00e9<\/li>\n<li>JJ Belle, artiste c\u00e9ramiste<\/li>\n<li>Florence de la boutique BKO<\/li>\n<\/ul>\n<\/div>\n<p style=\"text-align: right;\">\n<p>&nbsp;<\/p>\n<p>&nbsp;<\/p>\n<p>&nbsp;<\/p>\n<p><img loading=\"lazy\" decoding=\"async\" class=\"alignnone size-medium wp-image-10708\" src=\"https:\/\/www.lengadoc.eu\/wp-content\/uploads\/2025\/03\/IMG-20250308-WA0010-451x600.jpg\" alt=\"\" width=\"451\" height=\"600\" srcset=\"https:\/\/www.lengadoc.eu\/wp-content\/uploads\/2025\/03\/IMG-20250308-WA0010-451x600.jpg 451w, https:\/\/www.lengadoc.eu\/wp-content\/uploads\/2025\/03\/IMG-20250308-WA0010-768x1022.jpg 768w, https:\/\/www.lengadoc.eu\/wp-content\/uploads\/2025\/03\/IMG-20250308-WA0010-1154x1536.jpg 1154w, https:\/\/www.lengadoc.eu\/wp-content\/uploads\/2025\/03\/IMG-20250308-WA0010-9x12.jpg 9w, https:\/\/www.lengadoc.eu\/wp-content\/uploads\/2025\/03\/IMG-20250308-WA0010.jpg 1232w\" sizes=\"auto, (max-width: 451px) 100vw, 451px\" \/><img loading=\"lazy\" decoding=\"async\" class=\"alignnone size-medium wp-image-10710\" src=\"https:\/\/www.lengadoc.eu\/wp-content\/uploads\/2025\/03\/IMG-20250308-WA0025-451x600.jpg\" alt=\"\" width=\"451\" height=\"600\" srcset=\"https:\/\/www.lengadoc.eu\/wp-content\/uploads\/2025\/03\/IMG-20250308-WA0025-451x600.jpg 451w, https:\/\/www.lengadoc.eu\/wp-content\/uploads\/2025\/03\/IMG-20250308-WA0025-768x1022.jpg 768w, https:\/\/www.lengadoc.eu\/wp-content\/uploads\/2025\/03\/IMG-20250308-WA0025-1154x1536.jpg 1154w, https:\/\/www.lengadoc.eu\/wp-content\/uploads\/2025\/03\/IMG-20250308-WA0025-9x12.jpg 9w, https:\/\/www.lengadoc.eu\/wp-content\/uploads\/2025\/03\/IMG-20250308-WA0025.jpg 1232w\" sizes=\"auto, (max-width: 451px) 100vw, 451px\" \/><\/p>","protected":false},"excerpt":{"rendered":"<p>Radio Lengadoc es aqui Lieu de l&rsquo;\u00e9v\u00e8nement Ch\u00e2teau Prat de Cest 1 route Nationale, 11100 Prat de Cest Samedi 8 mars 2025 dimanche 9 mars 2025 Radio Lengadoc \u00e9tait pr\u00e9sent lors de l&rsquo;\u00e9v\u00e9nement \u00ab\u00a0O\u00f9 sont les femmes ?\u00a0\u00bb organis\u00e9 l\u2019association Autour de l\u2019Art. Cette manifestation est organis\u00e9e \u00e0 l\u2019occasion de la Journ\u00e9e Internationale des Droits [&hellip;]<\/p>","protected":false},"author":1,"featured_media":10709,"comment_status":"closed","ping_status":"closed","sticky":false,"template":"","format":"standard","meta":{"_monsterinsights_skip_tracking":false,"_monsterinsights_sitenote_active":false,"_monsterinsights_sitenote_note":"","_monsterinsights_sitenote_category":0,"_uf_show_specific_survey":0,"_uf_disable_surveys":false,"footnotes":""},"categories":[249],"tags":[255],"class_list":["post-10154","post","type-post","status-publish","format-standard","has-post-thumbnail","hentry","category-evenements","tag-plateaux-exterieur"],"yoast_head":"<!-- This site is optimized with the Yoast SEO plugin v24.8.1 - https:\/\/yoast.com\/wordpress\/plugins\/seo\/ -->\n<title>O\u00f9 sont les femmes ? - 08\/03\/2025 - Radio Lengadoc<\/title>\n<meta name=\"description\" content=\"\u00c9coutez R\u00e0dio Lengad\u00f2c en ligne, retrouvez notre grille des programmes, vos chroniques pr\u00e9f\u00e9r\u00e9es, podcasts et plus encore sur lengadoc.eu.\" \/>\n<meta name=\"robots\" content=\"index, follow, max-snippet:-1, max-image-preview:large, max-video-preview:-1\" \/>\n<link rel=\"canonical\" href=\"https:\/\/www.lengadoc.eu\/oc\/2025\/03\/27\/ou_sont_les_femmes\/\" \/>\n<meta property=\"og:locale\" content=\"en_US\" \/>\n<meta property=\"og:type\" content=\"article\" \/>\n<meta property=\"og:title\" content=\"O\u00f9 sont les femmes ? - 08\/03\/2025 - Radio Lengadoc\" \/>\n<meta property=\"og:description\" content=\"\u00c9coutez R\u00e0dio Lengad\u00f2c en ligne, retrouvez notre grille des programmes, vos chroniques pr\u00e9f\u00e9r\u00e9es, podcasts et plus encore sur lengadoc.eu.\" \/>\n<meta property=\"og:url\" content=\"https:\/\/www.lengadoc.eu\/oc\/2025\/03\/27\/ou_sont_les_femmes\/\" \/>\n<meta property=\"og:site_name\" content=\"Radio Lengadoc\" \/>\n<meta property=\"article:publisher\" content=\"https:\/\/www.facebook.com\/radiolengadoc\" \/>\n<meta property=\"article:published_time\" content=\"2025-03-27T09:41:22+00:00\" \/>\n<meta property=\"article:modified_time\" content=\"2025-08-07T12:53:11+00:00\" \/>\n<meta property=\"og:image\" content=\"https:\/\/www.lengadoc.eu\/wp-content\/uploads\/2025\/03\/IMG-20250308-WA0011.jpg\" \/>\n\t<meta property=\"og:image:width\" content=\"1232\" \/>\n\t<meta property=\"og:image:height\" content=\"1640\" \/>\n\t<meta property=\"og:image:type\" content=\"image\/jpeg\" \/>\n<meta name=\"author\" content=\"R\u00e0dio Lengad\u00f2c\" \/>\n<meta name=\"twitter:card\" content=\"summary_large_image\" \/>\n<meta name=\"twitter:label1\" content=\"Written by\" \/>\n\t<meta name=\"twitter:data1\" content=\"R\u00e0dio Lengad\u00f2c\" \/>\n\t<meta name=\"twitter:label2\" content=\"Est. reading time\" \/>\n\t<meta name=\"twitter:data2\" content=\"2 minutes\" \/>\n<script type=\"application\/ld+json\" class=\"yoast-schema-graph\">{\"@context\":\"https:\/\/schema.org\",\"@graph\":[{\"@type\":\"Article\",\"@id\":\"https:\/\/www.lengadoc.eu\/2025\/03\/27\/ou_sont_les_femmes\/#article\",\"isPartOf\":{\"@id\":\"https:\/\/www.lengadoc.eu\/2025\/03\/27\/ou_sont_les_femmes\/\"},\"author\":{\"name\":\"R\u00e0dio Lengad\u00f2c\",\"@id\":\"https:\/\/www.lengadoc.eu\/#\/schema\/person\/ada8850603ae5533e65203193d829087\"},\"headline\":\"O\u00f9 sont les femmes ? &#8211; 08\/03\/2025\",\"datePublished\":\"2025-03-27T09:41:22+00:00\",\"dateModified\":\"2025-08-07T12:53:11+00:00\",\"mainEntityOfPage\":{\"@id\":\"https:\/\/www.lengadoc.eu\/2025\/03\/27\/ou_sont_les_femmes\/\"},\"wordCount\":192,\"publisher\":{\"@id\":\"https:\/\/www.lengadoc.eu\/#organization\"},\"image\":{\"@id\":\"https:\/\/www.lengadoc.eu\/2025\/03\/27\/ou_sont_les_femmes\/#primaryimage\"},\"thumbnailUrl\":\"https:\/\/www.lengadoc.eu\/wp-content\/uploads\/2025\/03\/IMG-20250308-WA0011.jpg\",\"keywords\":[\"Plateaux Ext\u00e9rieur\"],\"articleSection\":[\"Ev\u00e9nements\"],\"inLanguage\":\"oc\"},{\"@type\":\"WebPage\",\"@id\":\"https:\/\/www.lengadoc.eu\/2025\/03\/27\/ou_sont_les_femmes\/\",\"url\":\"https:\/\/www.lengadoc.eu\/2025\/03\/27\/ou_sont_les_femmes\/\",\"name\":\"O\u00f9 sont les femmes ? - 08\/03\/2025 - Radio Lengadoc\",\"isPartOf\":{\"@id\":\"https:\/\/www.lengadoc.eu\/#website\"},\"primaryImageOfPage\":{\"@id\":\"https:\/\/www.lengadoc.eu\/2025\/03\/27\/ou_sont_les_femmes\/#primaryimage\"},\"image\":{\"@id\":\"https:\/\/www.lengadoc.eu\/2025\/03\/27\/ou_sont_les_femmes\/#primaryimage\"},\"thumbnailUrl\":\"https:\/\/www.lengadoc.eu\/wp-content\/uploads\/2025\/03\/IMG-20250308-WA0011.jpg\",\"datePublished\":\"2025-03-27T09:41:22+00:00\",\"dateModified\":\"2025-08-07T12:53:11+00:00\",\"description\":\"\u00c9coutez R\u00e0dio Lengad\u00f2c en ligne, retrouvez notre grille des programmes, vos chroniques pr\u00e9f\u00e9r\u00e9es, podcasts et plus encore sur lengadoc.eu.\",\"breadcrumb\":{\"@id\":\"https:\/\/www.lengadoc.eu\/2025\/03\/27\/ou_sont_les_femmes\/#breadcrumb\"},\"inLanguage\":\"oc\",\"potentialAction\":[{\"@type\":\"ReadAction\",\"target\":[\"https:\/\/www.lengadoc.eu\/2025\/03\/27\/ou_sont_les_femmes\/\"]}]},{\"@type\":\"ImageObject\",\"inLanguage\":\"oc\",\"@id\":\"https:\/\/www.lengadoc.eu\/2025\/03\/27\/ou_sont_les_femmes\/#primaryimage\",\"url\":\"https:\/\/www.lengadoc.eu\/wp-content\/uploads\/2025\/03\/IMG-20250308-WA0011.jpg\",\"contentUrl\":\"https:\/\/www.lengadoc.eu\/wp-content\/uploads\/2025\/03\/IMG-20250308-WA0011.jpg\",\"width\":1232,\"height\":1640},{\"@type\":\"BreadcrumbList\",\"@id\":\"https:\/\/www.lengadoc.eu\/2025\/03\/27\/ou_sont_les_femmes\/#breadcrumb\",\"itemListElement\":[{\"@type\":\"ListItem\",\"position\":1,\"name\":\"Home\",\"item\":\"https:\/\/www.lengadoc.eu\/\"},{\"@type\":\"ListItem\",\"position\":2,\"name\":\"O\u00f9 sont les femmes ? &#8211; 08\/03\/2025\"}]},{\"@type\":\"WebSite\",\"@id\":\"https:\/\/www.lengadoc.eu\/#website\",\"url\":\"https:\/\/www.lengadoc.eu\/\",\"name\":\"Radio Lengadoc\",\"description\":\"La Radio d&#039;Aqu\u00ec\",\"publisher\":{\"@id\":\"https:\/\/www.lengadoc.eu\/#organization\"},\"potentialAction\":[{\"@type\":\"SearchAction\",\"target\":{\"@type\":\"EntryPoint\",\"urlTemplate\":\"https:\/\/www.lengadoc.eu\/?s={search_term_string}\"},\"query-input\":{\"@type\":\"PropertyValueSpecification\",\"valueRequired\":true,\"valueName\":\"search_term_string\"}}],\"inLanguage\":\"oc\"},{\"@type\":\"Organization\",\"@id\":\"https:\/\/www.lengadoc.eu\/#organization\",\"name\":\"R\u00e0dio Lengad\u00f2c\",\"url\":\"https:\/\/www.lengadoc.eu\/\",\"logo\":{\"@type\":\"ImageObject\",\"inLanguage\":\"oc\",\"@id\":\"https:\/\/www.lengadoc.eu\/#\/schema\/logo\/image\/\",\"url\":\"https:\/\/www.lengadoc.eu\/wp-content\/uploads\/2021\/01\/logo-RLO.jpg\",\"contentUrl\":\"https:\/\/www.lengadoc.eu\/wp-content\/uploads\/2021\/01\/logo-RLO.jpg\",\"width\":1958,\"height\":509,\"caption\":\"R\u00e0dio Lengad\u00f2c\"},\"image\":{\"@id\":\"https:\/\/www.lengadoc.eu\/#\/schema\/logo\/image\/\"},\"sameAs\":[\"https:\/\/www.facebook.com\/radiolengadoc\",\"https:\/\/www.instagram.com\/radiolengadoc\"]},{\"@type\":\"Person\",\"@id\":\"https:\/\/www.lengadoc.eu\/#\/schema\/person\/ada8850603ae5533e65203193d829087\",\"name\":\"R\u00e0dio Lengad\u00f2c\",\"sameAs\":[\"http:\/\/www.lengadoc.eu\"]}]}<\/script>\n<!-- \/ Yoast SEO plugin. -->","yoast_head_json":{"title":"O\u00f9 sont les femmes ? - 08\/03\/2025 - Radio Lengadoc","description":"\u00c9coutez R\u00e0dio Lengad\u00f2c en ligne, retrouvez notre grille des programmes, vos chroniques pr\u00e9f\u00e9r\u00e9es, podcasts et plus encore sur lengadoc.eu.","robots":{"index":"index","follow":"follow","max-snippet":"max-snippet:-1","max-image-preview":"max-image-preview:large","max-video-preview":"max-video-preview:-1"},"canonical":"https:\/\/www.lengadoc.eu\/oc\/2025\/03\/27\/ou_sont_les_femmes\/","og_locale":"en_US","og_type":"article","og_title":"O\u00f9 sont les femmes ? - 08\/03\/2025 - Radio Lengadoc","og_description":"\u00c9coutez R\u00e0dio Lengad\u00f2c en ligne, retrouvez notre grille des programmes, vos chroniques pr\u00e9f\u00e9r\u00e9es, podcasts et plus encore sur lengadoc.eu.","og_url":"https:\/\/www.lengadoc.eu\/oc\/2025\/03\/27\/ou_sont_les_femmes\/","og_site_name":"Radio Lengadoc","article_publisher":"https:\/\/www.facebook.com\/radiolengadoc","article_published_time":"2025-03-27T09:41:22+00:00","article_modified_time":"2025-08-07T12:53:11+00:00","og_image":[{"width":1232,"height":1640,"url":"https:\/\/www.lengadoc.eu\/wp-content\/uploads\/2025\/03\/IMG-20250308-WA0011.jpg","type":"image\/jpeg"}],"author":"R\u00e0dio Lengad\u00f2c","twitter_card":"summary_large_image","twitter_misc":{"Written by":"R\u00e0dio Lengad\u00f2c","Est. reading time":"2 minutes"},"schema":{"@context":"https:\/\/schema.org","@graph":[{"@type":"Article","@id":"https:\/\/www.lengadoc.eu\/2025\/03\/27\/ou_sont_les_femmes\/#article","isPartOf":{"@id":"https:\/\/www.lengadoc.eu\/2025\/03\/27\/ou_sont_les_femmes\/"},"author":{"name":"R\u00e0dio Lengad\u00f2c","@id":"https:\/\/www.lengadoc.eu\/#\/schema\/person\/ada8850603ae5533e65203193d829087"},"headline":"O\u00f9 sont les femmes ? &#8211; 08\/03\/2025","datePublished":"2025-03-27T09:41:22+00:00","dateModified":"2025-08-07T12:53:11+00:00","mainEntityOfPage":{"@id":"https:\/\/www.lengadoc.eu\/2025\/03\/27\/ou_sont_les_femmes\/"},"wordCount":192,"publisher":{"@id":"https:\/\/www.lengadoc.eu\/#organization"},"image":{"@id":"https:\/\/www.lengadoc.eu\/2025\/03\/27\/ou_sont_les_femmes\/#primaryimage"},"thumbnailUrl":"https:\/\/www.lengadoc.eu\/wp-content\/uploads\/2025\/03\/IMG-20250308-WA0011.jpg","keywords":["Plateaux Ext\u00e9rieur"],"articleSection":["Ev\u00e9nements"],"inLanguage":"oc"},{"@type":"WebPage","@id":"https:\/\/www.lengadoc.eu\/2025\/03\/27\/ou_sont_les_femmes\/","url":"https:\/\/www.lengadoc.eu\/2025\/03\/27\/ou_sont_les_femmes\/","name":"O\u00f9 sont les femmes ? - 08\/03\/2025 - Radio Lengadoc","isPartOf":{"@id":"https:\/\/www.lengadoc.eu\/#website"},"primaryImageOfPage":{"@id":"https:\/\/www.lengadoc.eu\/2025\/03\/27\/ou_sont_les_femmes\/#primaryimage"},"image":{"@id":"https:\/\/www.lengadoc.eu\/2025\/03\/27\/ou_sont_les_femmes\/#primaryimage"},"thumbnailUrl":"https:\/\/www.lengadoc.eu\/wp-content\/uploads\/2025\/03\/IMG-20250308-WA0011.jpg","datePublished":"2025-03-27T09:41:22+00:00","dateModified":"2025-08-07T12:53:11+00:00","description":"\u00c9coutez R\u00e0dio Lengad\u00f2c en ligne, retrouvez notre grille des programmes, vos chroniques pr\u00e9f\u00e9r\u00e9es, podcasts et plus encore sur lengadoc.eu.","breadcrumb":{"@id":"https:\/\/www.lengadoc.eu\/2025\/03\/27\/ou_sont_les_femmes\/#breadcrumb"},"inLanguage":"oc","potentialAction":[{"@type":"ReadAction","target":["https:\/\/www.lengadoc.eu\/2025\/03\/27\/ou_sont_les_femmes\/"]}]},{"@type":"ImageObject","inLanguage":"oc","@id":"https:\/\/www.lengadoc.eu\/2025\/03\/27\/ou_sont_les_femmes\/#primaryimage","url":"https:\/\/www.lengadoc.eu\/wp-content\/uploads\/2025\/03\/IMG-20250308-WA0011.jpg","contentUrl":"https:\/\/www.lengadoc.eu\/wp-content\/uploads\/2025\/03\/IMG-20250308-WA0011.jpg","width":1232,"height":1640},{"@type":"BreadcrumbList","@id":"https:\/\/www.lengadoc.eu\/2025\/03\/27\/ou_sont_les_femmes\/#breadcrumb","itemListElement":[{"@type":"ListItem","position":1,"name":"Home","item":"https:\/\/www.lengadoc.eu\/"},{"@type":"ListItem","position":2,"name":"O\u00f9 sont les femmes ? &#8211; 08\/03\/2025"}]},{"@type":"WebSite","@id":"https:\/\/www.lengadoc.eu\/#website","url":"https:\/\/www.lengadoc.eu\/","name":"Radio Lengadoc","description":"La Radio d&#039;Aqu\u00ec","publisher":{"@id":"https:\/\/www.lengadoc.eu\/#organization"},"potentialAction":[{"@type":"SearchAction","target":{"@type":"EntryPoint","urlTemplate":"https:\/\/www.lengadoc.eu\/?s={search_term_string}"},"query-input":{"@type":"PropertyValueSpecification","valueRequired":true,"valueName":"search_term_string"}}],"inLanguage":"oc"},{"@type":"Organization","@id":"https:\/\/www.lengadoc.eu\/#organization","name":"R\u00e0dio Lengad\u00f2c","url":"https:\/\/www.lengadoc.eu\/","logo":{"@type":"ImageObject","inLanguage":"oc","@id":"https:\/\/www.lengadoc.eu\/#\/schema\/logo\/image\/","url":"https:\/\/www.lengadoc.eu\/wp-content\/uploads\/2021\/01\/logo-RLO.jpg","contentUrl":"https:\/\/www.lengadoc.eu\/wp-content\/uploads\/2021\/01\/logo-RLO.jpg","width":1958,"height":509,"caption":"R\u00e0dio Lengad\u00f2c"},"image":{"@id":"https:\/\/www.lengadoc.eu\/#\/schema\/logo\/image\/"},"sameAs":["https:\/\/www.facebook.com\/radiolengadoc","https:\/\/www.instagram.com\/radiolengadoc"]},{"@type":"Person","@id":"https:\/\/www.lengadoc.eu\/#\/schema\/person\/ada8850603ae5533e65203193d829087","name":"R\u00e0dio Lengad\u00f2c","sameAs":["http:\/\/www.lengadoc.eu"]}]}},"_links":{"self":[{"href":"https:\/\/www.lengadoc.eu\/oc\/wp-json\/wp\/v2\/posts\/10154","targetHints":{"allow":["GET"]}}],"collection":[{"href":"https:\/\/www.lengadoc.eu\/oc\/wp-json\/wp\/v2\/posts"}],"about":[{"href":"https:\/\/www.lengadoc.eu\/oc\/wp-json\/wp\/v2\/types\/post"}],"author":[{"embeddable":true,"href":"https:\/\/www.lengadoc.eu\/oc\/wp-json\/wp\/v2\/users\/1"}],"replies":[{"embeddable":true,"href":"https:\/\/www.lengadoc.eu\/oc\/wp-json\/wp\/v2\/comments?post=10154"}],"version-history":[{"count":0,"href":"https:\/\/www.lengadoc.eu\/oc\/wp-json\/wp\/v2\/posts\/10154\/revisions"}],"wp:featuredmedia":[{"embeddable":true,"href":"https:\/\/www.lengadoc.eu\/oc\/wp-json\/wp\/v2\/media\/10709"}],"wp:attachment":[{"href":"https:\/\/www.lengadoc.eu\/oc\/wp-json\/wp\/v2\/media?parent=10154"}],"wp:term":[{"taxonomy":"category","embeddable":true,"href":"https:\/\/www.lengadoc.eu\/oc\/wp-json\/wp\/v2\/categories?post=10154"},{"taxonomy":"post_tag","embeddable":true,"href":"https:\/\/www.lengadoc.eu\/oc\/wp-json\/wp\/v2\/tags?post=10154"}],"curies":[{"name":"wp","href":"https:\/\/api.w.org\/{rel}","templated":true}]}}